{"id":1074,"date":"2024-01-24T22:24:34","date_gmt":"2024-01-24T21:24:34","guid":{"rendered":"https:\/\/www.foerderkreis-schloss-buchenau.de\/?p=1074"},"modified":"2024-01-24T22:24:34","modified_gmt":"2024-01-24T21:24:34","slug":"es-geht-wieder-los-abi-wallenstein-und-hubert-hofherr-gastieren-im-schloss","status":"publish","type":"post","link":"https:\/\/www.foerderkreis-schloss-buchenau.de\/?p=1074","title":{"rendered":"Es geht wieder los: Abi Wallenstein und Hubert Hofherr gastieren im Schloss."},"content":{"rendered":"\n<p>Am 2. Februar beginnt die Konzertsaison 2024. Und zwar gleich mit einem richtigen &#8222;Hammer&#8220;: Abi Wallenstein, einer der ganz Gro\u00dfen im europ\u00e4ischen Blues, und der ph\u00e4nomenale Hubert Hofherr sind am 2. Februar bei uns zu Gast.<\/p>\n\n\n\n<p>Das Konzert beginnt um 19:00 Uhr, der Eintritt f\u00fcr dieses spezielle Event betr\u00e4gt 18 \u20ac, was nicht unser neues Preisniveau darstellt, sondern eine Ausnahme ist.<\/p>\n\n\n\n<p>Informationen zu den Musikern finden Sie unten.<\/p>\n\n\n\n<p><\/p>\n\n\n\n<p>Abi Wallenstein &#8211; Hubert Hofherr Duo: &#8222;Good Rocking Guitar meets Power Harmonica<\/p>\n\n\n\n<p>Seit mittlerweile 20 Jahren tourt das Duo der beiden Kult-Bluesmusiker: Abi Wallenstein, Gesang&amp;Gitarre, &#8222;lebende Legende des europ\u00e4ischen Blues&#8220;, 2011 mit dem &#8222;German Blues Award&#8220; ausgezeichnet,\u00a0seine beiden letzten CDs mit dem &#8222;Preis der deutschen Schallplattenkritik&#8220; pr\u00e4miert &#8211; \u00a0und Hubert Hofherr, Mundharmonika, geschult \u00a0in langj\u00e4hrigen Touren in den USA mit amerikanischen Bluesgr\u00f6ssen.\u00a0<br>Das Songmaterial \u00a0des Duos spiegelt die Geschichte dieses Genres wieder, vom erdigem Delta-Blues eines Son House \u00fcber Big-City-Blues eines Muddy Waters bis hin zu Rock&amp;Soul Interpretationen\u00a0von Jaegger\/Richards sowie Ray Charles und Prince Produktionen.<br>Das Duo Wallenstein- Hofherr verwirklicht damit die Idee des Blues, aus Vergangenem und aus Gegenw\u00e4rtigem zu sch\u00f6pfen,\u00a0unterschiedliche Musiktraditionen in einen aufregenden Austausch zu kombinieren, Seelenschmerz auf Lebenslust aufeinander prallen zu lassen.<\/p>\n\n\n","protected":false},"excerpt":{"rendered":"<p>Am 2. Februar beginnt die Konzertsaison 2024. Und zwar gleich mit einem richtigen &#8222;Hammer&#8220;: Abi Wallenstein, einer der ganz Gro\u00dfen im europ\u00e4ischen Blues, und der ph\u00e4nomenale Hubert Hofherr sind am 2. Februar bei uns zu Gast. Das Konzert beginnt um 19:00 Uhr, der Eintritt f\u00fcr dieses spezielle Event betr\u00e4gt 18 \u20ac, was nicht unser neues &hellip; <\/p>\n<p class=\"link-more\"><a href=\"https:\/\/www.foerderkreis-schloss-buchenau.de\/?p=1074\" class=\"more-link\"><span class=\"screen-reader-text\">\u201eEs geht wieder los: Abi Wallenstein und Hubert Hofherr gastieren im Schloss.\u201c <\/span>weiterlesen<\/a><\/p>\n","protected":false},"author":2,"featured_media":0,"comment_status":"closed","ping_status":"closed","sticky":false,"template":"","format":"standard","meta":{"footnotes":""},"categories":[1],"tags":[],"class_list":["post-1074","post","type-post","status-publish","format-standard","hentry","category-allgemein"],"_links":{"self":[{"href":"https:\/\/www.foerderkreis-schloss-buchenau.de\/index.php?rest_route=\/wp\/v2\/posts\/1074","targetHints":{"allow":["GET"]}}],"collection":[{"href":"https:\/\/www.foerderkreis-schloss-buchenau.de\/index.php?rest_route=\/wp\/v2\/posts"}],"about":[{"href":"https:\/\/www.foerderkreis-schloss-buchenau.de\/index.php?rest_route=\/wp\/v2\/types\/post"}],"author":[{"embeddable":true,"href":"https:\/\/www.foerderkreis-schloss-buchenau.de\/index.php?rest_route=\/wp\/v2\/users\/2"}],"replies":[{"embeddable":true,"href":"https:\/\/www.foerderkreis-schloss-buchenau.de\/index.php?rest_route=%2Fwp%2Fv2%2Fcomments&post=1074"}],"version-history":[{"count":1,"href":"https:\/\/www.foerderkreis-schloss-buchenau.de\/index.php?rest_route=\/wp\/v2\/posts\/1074\/revisions"}],"predecessor-version":[{"id":1075,"href":"https:\/\/www.foerderkreis-schloss-buchenau.de\/index.php?rest_route=\/wp\/v2\/posts\/1074\/revisions\/1075"}],"wp:attachment":[{"href":"https:\/\/www.foerderkreis-schloss-buchenau.de\/index.php?rest_route=%2Fwp%2Fv2%2Fmedia&parent=1074"}],"wp:term":[{"taxonomy":"category","embeddable":true,"href":"https:\/\/www.foerderkreis-schloss-buchenau.de\/index.php?rest_route=%2Fwp%2Fv2%2Fcategories&post=1074"},{"taxonomy":"post_tag","embeddable":true,"href":"https:\/\/www.foerderkreis-schloss-buchenau.de\/index.php?rest_route=%2Fwp%2Fv2%2Ftags&post=1074"}],"curies":[{"name":"wp","href":"https:\/\/api.w.org\/{rel}","templated":true}]}}