{"id":1083,"date":"2024-02-23T20:06:01","date_gmt":"2024-02-23T19:06:01","guid":{"rendered":"https:\/\/www.foerderkreis-schloss-buchenau.de\/?p=1083"},"modified":"2024-02-23T20:06:01","modified_gmt":"2024-02-23T19:06:01","slug":"strings-and-fingers-michael-reiss-solo-am-1-maerz-24","status":"publish","type":"post","link":"https:\/\/www.foerderkreis-schloss-buchenau.de\/?p=1083","title":{"rendered":"Strings and Fingers: Michael Rei\u00df Solo am 1. M\u00e4rz 24"},"content":{"rendered":"\n<p>Was braucht es mehr als Saiten und Finger um gl\u00fccklich zu sein?<\/p>\n\n\n\n<p>Nicht viel, wenn es nach dem Gitarristen Michael Rei\u00df geht, der mit seinem brandneuen Soloprogramm \u201eStrings &amp; Fingers\u201c genau das unter Beweis stellt.<\/p>\n\n\n\n<p>Ein Mann, seine Gitarre und (nicht) mehr.<\/p>\n\n\n\n<p>Der Name Michael Rei\u00df steht seit Jahren f\u00fcr Bandsound. Jazz, Blues, Funk, Rock und Pop.<br>E Gitarre aber auch Akustikgitarre. Vom Duo bis zur 11-k\u00f6pfigen Band arbeitete Rei\u00df bisher als Sideman oder musikalischen Leiter. Gerade noch virtuos, dann wieder zur\u00fcckgenommen, im Gesamtsound eingebettet und dem Song dienend.<br>Genau diese Attribute, die stilistische Vielfalt und die Liebe zu Groove, Rhythmus und herzerw\u00e4rmenden Melodien erwarten das Publikum auch, wenn Michael Rei\u00df Solo auf der B\u00fchne steht.<br>Bei seinem Wirken als versierter Begleiter im kammermusikalischen Kontext und als Ein- Mann-Orchester bei \u201eLady Eve and her one man band\u201c zusammen mit der S\u00e4ngerin Eva Petzenhauser, perfektionierte Michael Rei\u00df in den letzten Jahren seine F\u00e4higkeit, einen kompletten Bandsound gekonnt und ohne Abstriche auf ein einziges Instrument zu \u00fcbertragen.<br>Inspiriert von Vorbildern wie Chet Atkins, Tommy Emmanuel, Martin Taylor, Adam Miller, u.a. interpretiert Rei\u00df nicht nur Bekanntes auf eigene Art und Weise, sondern stellt unter Beweis, dass auch seine eigenen Kompositionen denen seiner Idole gerecht werden.<\/p>\n\n\n\n<p>Lassen Sie sich entf\u00fchren in eine Klanglandschaft irgendwo zwischen farbenfrohen Traumwelten und pulsierenden Bassrhythmen und erleben Sie, wie all dies vor Ihren Augen entsteht &#8211; nur mit Strings &amp; Fingers.<\/p>\n\n\n\n<p>Das Konzert findet am 1. M\u00e4rz um 19:00 Uhr statt. Der Eintritt betr\u00e4gt 15 \u20ac.<\/p>\n\n\n\n\n\n<p><\/p>\n","protected":false},"excerpt":{"rendered":"<p>Was braucht es mehr als Saiten und Finger um gl\u00fccklich zu sein? Nicht viel, wenn es nach dem Gitarristen Michael Rei\u00df geht, der mit seinem brandneuen Soloprogramm \u201eStrings &amp; Fingers\u201c genau das unter Beweis stellt. Ein Mann, seine Gitarre und (nicht) mehr. Der Name Michael Rei\u00df steht seit Jahren f\u00fcr Bandsound. Jazz, Blues, Funk, Rock &hellip; <\/p>\n<p class=\"link-more\"><a href=\"https:\/\/www.foerderkreis-schloss-buchenau.de\/?p=1083\" class=\"more-link\"><span class=\"screen-reader-text\">\u201eStrings and Fingers: Michael Rei\u00df Solo am 1. M\u00e4rz 24\u201c <\/span>weiterlesen<\/a><\/p>\n","protected":false},"author":2,"featured_media":0,"comment_status":"closed","ping_status":"closed","sticky":false,"template":"","format":"standard","meta":{"footnotes":""},"categories":[1],"tags":[],"class_list":["post-1083","post","type-post","status-publish","format-standard","hentry","category-allgemein"],"_links":{"self":[{"href":"https:\/\/www.foerderkreis-schloss-buchenau.de\/index.php?rest_route=\/wp\/v2\/posts\/1083","targetHints":{"allow":["GET"]}}],"collection":[{"href":"https:\/\/www.foerderkreis-schloss-buchenau.de\/index.php?rest_route=\/wp\/v2\/posts"}],"about":[{"href":"https:\/\/www.foerderkreis-schloss-buchenau.de\/index.php?rest_route=\/wp\/v2\/types\/post"}],"author":[{"embeddable":true,"href":"https:\/\/www.foerderkreis-schloss-buchenau.de\/index.php?rest_route=\/wp\/v2\/users\/2"}],"replies":[{"embeddable":true,"href":"https:\/\/www.foerderkreis-schloss-buchenau.de\/index.php?rest_route=%2Fwp%2Fv2%2Fcomments&post=1083"}],"version-history":[{"count":1,"href":"https:\/\/www.foerderkreis-schloss-buchenau.de\/index.php?rest_route=\/wp\/v2\/posts\/1083\/revisions"}],"predecessor-version":[{"id":1084,"href":"https:\/\/www.foerderkreis-schloss-buchenau.de\/index.php?rest_route=\/wp\/v2\/posts\/1083\/revisions\/1084"}],"wp:attachment":[{"href":"https:\/\/www.foerderkreis-schloss-buchenau.de\/index.php?rest_route=%2Fwp%2Fv2%2Fmedia&parent=1083"}],"wp:term":[{"taxonomy":"category","embeddable":true,"href":"https:\/\/www.foerderkreis-schloss-buchenau.de\/index.php?rest_route=%2Fwp%2Fv2%2Fcategories&post=1083"},{"taxonomy":"post_tag","embeddable":true,"href":"https:\/\/www.foerderkreis-schloss-buchenau.de\/index.php?rest_route=%2Fwp%2Fv2%2Ftags&post=1083"}],"curies":[{"name":"wp","href":"https:\/\/api.w.org\/{rel}","templated":true}]}}