{"id":1086,"date":"2024-03-03T15:34:51","date_gmt":"2024-03-03T14:34:51","guid":{"rendered":"https:\/\/www.foerderkreis-schloss-buchenau.de\/?p=1086"},"modified":"2024-03-03T15:34:51","modified_gmt":"2024-03-03T14:34:51","slug":"solokonzert-des-jazzpianisten-sven-ochsenbauer","status":"publish","type":"post","link":"https:\/\/www.foerderkreis-schloss-buchenau.de\/?p=1086","title":{"rendered":"Solokonzert des Jazzpianisten Sven Ochsenbauer"},"content":{"rendered":"\n<p><\/p>\n\n\n\n<p>Nach dem faszinierenden Solokonzert von Michael Reiss am letzten Freitag folgt bereits am kommenden Samstag ein weiteres Solokonzert. Der Jazzpianist\u00a0Sven Ochsenbauer gastiert bei uns im Schloss.\u00a0Informationen zum K\u00fcnstler und seiner Musik finden Sie unten.\u00a0<\/p>\n\n\n\n<p>Das Konzert findet am Samstag, den 9. M\u00e4rz um 19:00 Uhr statt, der Eintritt kostet 15 \u20ac.<\/p>\n\n\n\n<p>Sven Ochsenbauer &#8211; international renommierter Jazzpianist und Komponist; vor allem durch seine zahlreichen Auftritte im In- und Ausland hat er sich einen hervorragenden Ruf in der Jazzszene erspielt. Er ist gefragter Sideman und Studiomusiker, ist in eine Vielzahl von musikalischen Projekten eingebunden, arbeitet als Arrangeur und Filmmusik- Komponist und wirkt regelm\u00e4\u00dfig bei Theaterproduktionen mit.<\/p>\n\n\n\n<p>Zu seinen musikalischen Einfl\u00fcssen z\u00e4hlt er sowohl klassische Komponisten wie Claude Debussy, Maurice Ravel und Francis Poulenc, die V\u00e4ter des Jazz George Gershwin oder Tom Jobim, als auch zeitgen\u00f6ssische Jazzmusiker wie Keith Jarrett, Kenny Barron, Chick Corea, McCoy Tyner und Michel Petrucciani. Zudem pflegt er eine besondere Affinit\u00e4t zur Lateinamerikanischen Musik. Dieses weite Interessenspektrum kommt in Ochsenbauers gehaltvollen Kompositionen zur vollen Bl\u00fcte. Er kann inzwischen auf eine stattliche Liste von CD-Ver\u00f6ffentlichungen blicken auf denen seine kompositorische Arbeit dokumentiert ist. Dazu ist er f\u00fcr ausgefallene musikalische Ideen zu haben, z.B. sein Soloalbum \u201eHoamadJazz\u201c, auf dem er traditionelle Volkslieder in den Jazzkontext stellt.<\/p>\n\n\n\n<p>Bei seinen Solokonzerten lotet der Klang\u00e4sthet Sven Ochsenbauer die Grenzen der musikalischen Freiheit aus und spielt ausschlie\u00dflich Eigenkompositionen; entweder speziell f\u00fcr Klavier solo komponiert oder auch St\u00fccke, die urspr\u00fcnglich f\u00fcr Klaviertrio geschrieben wurden. Diese bekommen als Solost\u00fccke eine ganz eigenen musikalische Schwingung!<\/p>\n\n\n\n<p>Ein abwechslungsreiches Konzerterlebnis, dass man sich nicht entgehen lassen sollte!<\/p>\n","protected":false},"excerpt":{"rendered":"<p>Nach dem faszinierenden Solokonzert von Michael Reiss am letzten Freitag folgt bereits am kommenden Samstag ein weiteres Solokonzert. Der Jazzpianist\u00a0Sven Ochsenbauer gastiert bei uns im Schloss.\u00a0Informationen zum K\u00fcnstler und seiner Musik finden Sie unten.\u00a0 Das Konzert findet am Samstag, den 9. M\u00e4rz um 19:00 Uhr statt, der Eintritt kostet 15 \u20ac. Sven Ochsenbauer &#8211; international &hellip; <\/p>\n<p class=\"link-more\"><a href=\"https:\/\/www.foerderkreis-schloss-buchenau.de\/?p=1086\" class=\"more-link\"><span class=\"screen-reader-text\">\u201eSolokonzert des Jazzpianisten Sven Ochsenbauer\u201c <\/span>weiterlesen<\/a><\/p>\n","protected":false},"author":2,"featured_media":0,"comment_status":"closed","ping_status":"closed","sticky":false,"template":"","format":"standard","meta":{"footnotes":""},"categories":[1],"tags":[],"class_list":["post-1086","post","type-post","status-publish","format-standard","hentry","category-allgemein"],"_links":{"self":[{"href":"https:\/\/www.foerderkreis-schloss-buchenau.de\/index.php?rest_route=\/wp\/v2\/posts\/1086","targetHints":{"allow":["GET"]}}],"collection":[{"href":"https:\/\/www.foerderkreis-schloss-buchenau.de\/index.php?rest_route=\/wp\/v2\/posts"}],"about":[{"href":"https:\/\/www.foerderkreis-schloss-buchenau.de\/index.php?rest_route=\/wp\/v2\/types\/post"}],"author":[{"embeddable":true,"href":"https:\/\/www.foerderkreis-schloss-buchenau.de\/index.php?rest_route=\/wp\/v2\/users\/2"}],"replies":[{"embeddable":true,"href":"https:\/\/www.foerderkreis-schloss-buchenau.de\/index.php?rest_route=%2Fwp%2Fv2%2Fcomments&post=1086"}],"version-history":[{"count":1,"href":"https:\/\/www.foerderkreis-schloss-buchenau.de\/index.php?rest_route=\/wp\/v2\/posts\/1086\/revisions"}],"predecessor-version":[{"id":1087,"href":"https:\/\/www.foerderkreis-schloss-buchenau.de\/index.php?rest_route=\/wp\/v2\/posts\/1086\/revisions\/1087"}],"wp:attachment":[{"href":"https:\/\/www.foerderkreis-schloss-buchenau.de\/index.php?rest_route=%2Fwp%2Fv2%2Fmedia&parent=1086"}],"wp:term":[{"taxonomy":"category","embeddable":true,"href":"https:\/\/www.foerderkreis-schloss-buchenau.de\/index.php?rest_route=%2Fwp%2Fv2%2Fcategories&post=1086"},{"taxonomy":"post_tag","embeddable":true,"href":"https:\/\/www.foerderkreis-schloss-buchenau.de\/index.php?rest_route=%2Fwp%2Fv2%2Ftags&post=1086"}],"curies":[{"name":"wp","href":"https:\/\/api.w.org\/{rel}","templated":true}]}}