{"id":1148,"date":"2024-06-30T19:11:27","date_gmt":"2024-06-30T17:11:27","guid":{"rendered":"https:\/\/www.foerderkreis-schloss-buchenau.de\/?p=1148"},"modified":"2024-07-06T21:34:07","modified_gmt":"2024-07-06T19:34:07","slug":"melde-gehorsamst-eine-svejk-marine-mit-norbert-schreiber","status":"publish","type":"post","link":"https:\/\/www.foerderkreis-schloss-buchenau.de\/?p=1148","title":{"rendered":"\u201eMelde gehorsamst\u201c. Eine \u0160vejk Matinee mit Norbert Schreiber"},"content":{"rendered":"\n<p><\/p>\n\n\n\n<p>\u201eMelde gehorsamst\u201c Soldat Schwejk und sein Geburtshelfer der Schriftsteller Jaroslav Ha\u0161ek werden von dem Journalisten und Buch-Autor Norbert Schreiber aus Spiegelh\u00fctte in einer Multimedia-Pr\u00e4sentation im Schloss Buchenau vorgestellt.&nbsp;<\/p>\n\n\n\n<p>Wir laden Sie herzlich zu dieser unterhalstamen Matinee am Sonntag, 7. Juli um 10:00 Uhr, ein.<\/p>\n\n\n\n<p>Nach dem 100.Todestag des weltber\u00fchmten Autors Jaroslav Ha\u0161ek liest Norbert Schreiber aus seinem Buch \u201emerian portr\u00e4ts PRAG \u2013 eine Stadt in Biographien\u201c das Kapitel \u00fcber den \u201ebraven Soldaten Schwejk\u201c und das Portr\u00e4t \u00fcber den hochbegabten Schriftsteller, der nicht weniger als 1200 Kurzgeschichten, Humoresken, Satiren schrieb und mit dem Schwejk ein besonderes St\u00fcck Weltliteratur geliefert hat.<\/p>\n\n\n\n<p>Auch der Herausgeber der Merian-Reisebuch-Reihe Norbert Lewandowski wird zu Gast sein.<\/p>\n\n\n\n<p>Jaroslav Ha\u0161ek war Phantast, Radaubruder, Quartalss\u00e4ufer, Bohemien, Hundeh\u00e4ndler, Parteigr\u00fcnder und verr\u00fcckter Geschichtenerz\u00e4hler.&nbsp;<\/p>\n\n\n\n<p>Norbert Schreiber berichtet aus dessen Leben, hat Texte aus dem Ur-Schwejk dabei, l\u00e4sst Zeitzeugen \u00fcber den Autor zu Wort kommen und ordnet im Gespr\u00e4ch mit Roman Eder auch die literarische Leistung des tschechischen Autors ein.\u00a0<\/p>\n\n\n\n<p>Die Veranstaltung ist jedoch nicht nur eine Lesung und Gespr\u00e4ch \u00fcber eine Figur der Weltliteratur, es werden auch kurze Filmbeitr\u00e4ge gezeigt, unter anderem Heinz R\u00fchmann und Fritz Muliar in der Rolle des braven Soldaten Schwejk.<\/p>\n\n\n\n<p>Musikalisch wird die Matinee von den beiden Jazzgitarristen Gerhard und Max Fischl umrahmt. Die Musiker sind als Mitglieder verschiedener Formationen bekannt und bilden das Herz des Hot Club&nbsp; de la For\u00eat, einer Combo, in der sie sich zusammen mit Magdalena Loibl und Max Niedermeier der Musik aus der \u00c4ra des Swing verschrieben haben.<\/p>\n\n\n\n<p>Zum Gast: Norbert Schreiber arbeitet seit mehr als 55 Jahren als Journalist und Autor. F\u00fcr die ARD war er als Korrespondent, Redakteur, Moderator und Reporter in den Programmbereichen Politik, Zeitgeschehen und Kultur t\u00e4tig. Er ver\u00f6ffentlichte zw\u00f6lf B\u00fccher zu den Themen Demokratie, Europa, Russland und Tschechien und lebt in Spiegelh\u00fctte.<\/p>\n\n\n\n<p>\u00a0Das Buch \u201emerian portr\u00e4ts PRAG \u2013 eine Stadt in Biographien\u201c k\u00f6nnen Sie bei der Veranstaltung\u00a0 &#8211; evtl. in Verbindung mit einer kleinen Spende an den F\u00f6rderkreis\u00a0 &#8211; erwerben. <\/p>\n\n\n\n<p>Der Eintritt ist frei.<\/p>\n\n\n\n<figure class=\"wp-block-image size-full\"><img loading=\"lazy\" decoding=\"async\" width=\"720\" height=\"960\" src=\"https:\/\/www.foerderkreis-schloss-buchenau.de\/wp-content\/uploads\/2024\/06\/Schwejk.jpg\" alt=\"\" class=\"wp-image-1149\" srcset=\"https:\/\/www.foerderkreis-schloss-buchenau.de\/wp-content\/uploads\/2024\/06\/Schwejk.jpg 720w, https:\/\/www.foerderkreis-schloss-buchenau.de\/wp-content\/uploads\/2024\/06\/Schwejk-225x300.jpg 225w\" sizes=\"auto, (max-width: 720px) 100vw, 720px\" \/><\/figure>\n","protected":false},"excerpt":{"rendered":"<p>\u201eMelde gehorsamst\u201c Soldat Schwejk und sein Geburtshelfer der Schriftsteller Jaroslav Ha\u0161ek werden von dem Journalisten und Buch-Autor Norbert Schreiber aus Spiegelh\u00fctte in einer Multimedia-Pr\u00e4sentation im Schloss Buchenau vorgestellt.&nbsp; Wir laden Sie herzlich zu dieser unterhalstamen Matinee am Sonntag, 7. Juli um 10:00 Uhr, ein. Nach dem 100.Todestag des weltber\u00fchmten Autors Jaroslav Ha\u0161ek liest Norbert Schreiber &hellip; <\/p>\n<p class=\"link-more\"><a href=\"https:\/\/www.foerderkreis-schloss-buchenau.de\/?p=1148\" class=\"more-link\"><span class=\"screen-reader-text\">\u201e\u201eMelde gehorsamst\u201c. Eine \u0160vejk Matinee mit Norbert Schreiber\u201c <\/span>weiterlesen<\/a><\/p>\n","protected":false},"author":2,"featured_media":0,"comment_status":"closed","ping_status":"closed","sticky":false,"template":"","format":"standard","meta":{"footnotes":""},"categories":[1],"tags":[],"class_list":["post-1148","post","type-post","status-publish","format-standard","hentry","category-allgemein"],"_links":{"self":[{"href":"https:\/\/www.foerderkreis-schloss-buchenau.de\/index.php?rest_route=\/wp\/v2\/posts\/1148","targetHints":{"allow":["GET"]}}],"collection":[{"href":"https:\/\/www.foerderkreis-schloss-buchenau.de\/index.php?rest_route=\/wp\/v2\/posts"}],"about":[{"href":"https:\/\/www.foerderkreis-schloss-buchenau.de\/index.php?rest_route=\/wp\/v2\/types\/post"}],"author":[{"embeddable":true,"href":"https:\/\/www.foerderkreis-schloss-buchenau.de\/index.php?rest_route=\/wp\/v2\/users\/2"}],"replies":[{"embeddable":true,"href":"https:\/\/www.foerderkreis-schloss-buchenau.de\/index.php?rest_route=%2Fwp%2Fv2%2Fcomments&post=1148"}],"version-history":[{"count":2,"href":"https:\/\/www.foerderkreis-schloss-buchenau.de\/index.php?rest_route=\/wp\/v2\/posts\/1148\/revisions"}],"predecessor-version":[{"id":1151,"href":"https:\/\/www.foerderkreis-schloss-buchenau.de\/index.php?rest_route=\/wp\/v2\/posts\/1148\/revisions\/1151"}],"wp:attachment":[{"href":"https:\/\/www.foerderkreis-schloss-buchenau.de\/index.php?rest_route=%2Fwp%2Fv2%2Fmedia&parent=1148"}],"wp:term":[{"taxonomy":"category","embeddable":true,"href":"https:\/\/www.foerderkreis-schloss-buchenau.de\/index.php?rest_route=%2Fwp%2Fv2%2Fcategories&post=1148"},{"taxonomy":"post_tag","embeddable":true,"href":"https:\/\/www.foerderkreis-schloss-buchenau.de\/index.php?rest_route=%2Fwp%2Fv2%2Ftags&post=1148"}],"curies":[{"name":"wp","href":"https:\/\/api.w.org\/{rel}","templated":true}]}}