{"id":1152,"date":"2024-07-07T16:24:25","date_gmt":"2024-07-07T14:24:25","guid":{"rendered":"https:\/\/www.foerderkreis-schloss-buchenau.de\/?p=1152"},"modified":"2024-07-07T16:24:25","modified_gmt":"2024-07-07T14:24:25","slug":"open-air-konzert-mit-den-blues-lighters","status":"publish","type":"post","link":"https:\/\/www.foerderkreis-schloss-buchenau.de\/?p=1152","title":{"rendered":"Open Air Konzert mit den Blues Lighters"},"content":{"rendered":"\n<p><\/p>\n\n\n\n<p>Am kommenden Freitag, den 12. Juli, treten die Blues Lighters auf der Schlossterrasse auf. Falls Sie die erst im letzten Jahr f\u00fcr eine Vernissage in unserem Palmenhaus formierte Band nicht kennen, hier einige Infomationen dazu:<\/p>\n\n\n\n<p><em>Nach dem \u00dcberraschungserfolg beim Regener Drumherum-Festival, wo die Blues Lighters von rund 500 Zuh\u00f6rern mit stehenden Ovationen gefeiert wurden, pr\u00e4sentiert sich die kleine Blues-Combo nun erstmals im Schlosspark zu Buchenau. Tom Riepl, Jack Schreder und Max Fischl interpretieren mit drei Akustikgitarren und Gesangs-Stimme Blues-St\u00fccke aus dem letzten Jahrhundert. Auf dem Programm stehen u. a. teils 80 Jahre alte Klassiker von Robert Johnson, Freddie King und Jimmy Reed, wobei sich die Blues Lighters mit Songs von Eric Clapton, ZZ Top und Dickey Betts auch in die j\u00fcngere musikalische Vergangenheit vorwagen. Die Musiker hoffen auf einen hei\u00dfen Sommerabend in Buchenau! \u201eUmso authentischer kommt das Mississippi Blues Feeling dann r\u00fcber\u2026\u201c merkt Gitarrist Tom Riepl an. Beginn der Veranstaltung ist 19:00 Uhr. Bei schlechter Witterung spielen die drei Blues Lighters kurzerhand im Palmenhaus vom Schloss Buchenau.&nbsp;<\/em><\/p>\n\n\n\n<p>Ja, f\u00fcr das Palmenhaus wird es eine Premiere sein, das erste Konzert. Ob wir aber alle Besucher im Falle eines Regentages darin unterbringen k\u00f6nnen, bleibt eine spannende Frage.&nbsp;<\/p>\n\n\n\n<p>Hoffen wir das Beste. Der Eintrittt betr\u00e4gt 15 \u20ac.<\/p>\n\n\n\n<p><\/p>\n","protected":false},"excerpt":{"rendered":"<p>Am kommenden Freitag, den 12. Juli, treten die Blues Lighters auf der Schlossterrasse auf. Falls Sie die erst im letzten Jahr f\u00fcr eine Vernissage in unserem Palmenhaus formierte Band nicht kennen, hier einige Infomationen dazu: Nach dem \u00dcberraschungserfolg beim Regener Drumherum-Festival, wo die Blues Lighters von rund 500 Zuh\u00f6rern mit stehenden Ovationen gefeiert wurden, pr\u00e4sentiert &hellip; <\/p>\n<p class=\"link-more\"><a href=\"https:\/\/www.foerderkreis-schloss-buchenau.de\/?p=1152\" class=\"more-link\"><span class=\"screen-reader-text\">\u201eOpen Air Konzert mit den Blues Lighters\u201c <\/span>weiterlesen<\/a><\/p>\n","protected":false},"author":2,"featured_media":0,"comment_status":"closed","ping_status":"closed","sticky":false,"template":"","format":"standard","meta":{"footnotes":""},"categories":[1],"tags":[],"class_list":["post-1152","post","type-post","status-publish","format-standard","hentry","category-allgemein"],"_links":{"self":[{"href":"https:\/\/www.foerderkreis-schloss-buchenau.de\/index.php?rest_route=\/wp\/v2\/posts\/1152","targetHints":{"allow":["GET"]}}],"collection":[{"href":"https:\/\/www.foerderkreis-schloss-buchenau.de\/index.php?rest_route=\/wp\/v2\/posts"}],"about":[{"href":"https:\/\/www.foerderkreis-schloss-buchenau.de\/index.php?rest_route=\/wp\/v2\/types\/post"}],"author":[{"embeddable":true,"href":"https:\/\/www.foerderkreis-schloss-buchenau.de\/index.php?rest_route=\/wp\/v2\/users\/2"}],"replies":[{"embeddable":true,"href":"https:\/\/www.foerderkreis-schloss-buchenau.de\/index.php?rest_route=%2Fwp%2Fv2%2Fcomments&post=1152"}],"version-history":[{"count":1,"href":"https:\/\/www.foerderkreis-schloss-buchenau.de\/index.php?rest_route=\/wp\/v2\/posts\/1152\/revisions"}],"predecessor-version":[{"id":1153,"href":"https:\/\/www.foerderkreis-schloss-buchenau.de\/index.php?rest_route=\/wp\/v2\/posts\/1152\/revisions\/1153"}],"wp:attachment":[{"href":"https:\/\/www.foerderkreis-schloss-buchenau.de\/index.php?rest_route=%2Fwp%2Fv2%2Fmedia&parent=1152"}],"wp:term":[{"taxonomy":"category","embeddable":true,"href":"https:\/\/www.foerderkreis-schloss-buchenau.de\/index.php?rest_route=%2Fwp%2Fv2%2Fcategories&post=1152"},{"taxonomy":"post_tag","embeddable":true,"href":"https:\/\/www.foerderkreis-schloss-buchenau.de\/index.php?rest_route=%2Fwp%2Fv2%2Ftags&post=1152"}],"curies":[{"name":"wp","href":"https:\/\/api.w.org\/{rel}","templated":true}]}}