{"id":1159,"date":"2024-07-21T17:55:22","date_gmt":"2024-07-21T15:55:22","guid":{"rendered":"https:\/\/www.foerderkreis-schloss-buchenau.de\/?p=1159"},"modified":"2024-07-21T17:55:22","modified_gmt":"2024-07-21T15:55:22","slug":"chormusik-im-park-das-schlossgartensingen","status":"publish","type":"post","link":"https:\/\/www.foerderkreis-schloss-buchenau.de\/?p=1159","title":{"rendered":"Chormusik im Park: das Schlossgartensingen"},"content":{"rendered":"\n<p>Am Samstag, den 27. Juli findet das mittlerweile schon traditionelle Schlossgartensingen statt, bei dem f\u00fcnf Ch\u00f6re und eine Instrumentalgruppe aus der Region sie mit St\u00fccken aus dem klassischen Chor-Repertoire begeistern werden. Es nehmen teil der Liederkranz Klingenbrunn, die Liedertafel Zwiesel, der Kolpingsingkreis Zwiesel, der MGV Zwieselau, der MGV Rabenstein und das Trio Woidwind aus Klingenbrunn. Moderiert wird die Veranstaltung von Eberhard Kreuzer.<\/p>\n\n\n\n<p>Das Konzert beginnt um 17 Uhr.  Der Eintritt ist frei, \u00fcber Spenden zugunsten des Schlosses w\u00fcrden wir uns freuen.<\/p>\n\n\n\n<p>Wie sie es bei und\u00a0gewohnt sind, werden wir kleine Schmankerl und Getr\u00e4nke anbieten.<\/p>\n\n\n\n<p>Bei schlechtem Wetter m\u00fcsste die Veranstaltung leider abgesagt werden.<\/p>\n\n\n\n<p><\/p>\n","protected":false},"excerpt":{"rendered":"<p>Am Samstag, den 27. Juli findet das mittlerweile schon traditionelle Schlossgartensingen statt, bei dem f\u00fcnf Ch\u00f6re und eine Instrumentalgruppe aus der Region sie mit St\u00fccken aus dem klassischen Chor-Repertoire begeistern werden. Es nehmen teil der Liederkranz Klingenbrunn, die Liedertafel Zwiesel, der Kolpingsingkreis Zwiesel, der MGV Zwieselau, der MGV Rabenstein und das Trio Woidwind aus Klingenbrunn. &hellip; <\/p>\n<p class=\"link-more\"><a href=\"https:\/\/www.foerderkreis-schloss-buchenau.de\/?p=1159\" class=\"more-link\"><span class=\"screen-reader-text\">\u201eChormusik im Park: das Schlossgartensingen\u201c <\/span>weiterlesen<\/a><\/p>\n","protected":false},"author":2,"featured_media":0,"comment_status":"closed","ping_status":"closed","sticky":false,"template":"","format":"standard","meta":{"footnotes":""},"categories":[1],"tags":[],"class_list":["post-1159","post","type-post","status-publish","format-standard","hentry","category-allgemein"],"_links":{"self":[{"href":"https:\/\/www.foerderkreis-schloss-buchenau.de\/index.php?rest_route=\/wp\/v2\/posts\/1159","targetHints":{"allow":["GET"]}}],"collection":[{"href":"https:\/\/www.foerderkreis-schloss-buchenau.de\/index.php?rest_route=\/wp\/v2\/posts"}],"about":[{"href":"https:\/\/www.foerderkreis-schloss-buchenau.de\/index.php?rest_route=\/wp\/v2\/types\/post"}],"author":[{"embeddable":true,"href":"https:\/\/www.foerderkreis-schloss-buchenau.de\/index.php?rest_route=\/wp\/v2\/users\/2"}],"replies":[{"embeddable":true,"href":"https:\/\/www.foerderkreis-schloss-buchenau.de\/index.php?rest_route=%2Fwp%2Fv2%2Fcomments&post=1159"}],"version-history":[{"count":1,"href":"https:\/\/www.foerderkreis-schloss-buchenau.de\/index.php?rest_route=\/wp\/v2\/posts\/1159\/revisions"}],"predecessor-version":[{"id":1160,"href":"https:\/\/www.foerderkreis-schloss-buchenau.de\/index.php?rest_route=\/wp\/v2\/posts\/1159\/revisions\/1160"}],"wp:attachment":[{"href":"https:\/\/www.foerderkreis-schloss-buchenau.de\/index.php?rest_route=%2Fwp%2Fv2%2Fmedia&parent=1159"}],"wp:term":[{"taxonomy":"category","embeddable":true,"href":"https:\/\/www.foerderkreis-schloss-buchenau.de\/index.php?rest_route=%2Fwp%2Fv2%2Fcategories&post=1159"},{"taxonomy":"post_tag","embeddable":true,"href":"https:\/\/www.foerderkreis-schloss-buchenau.de\/index.php?rest_route=%2Fwp%2Fv2%2Ftags&post=1159"}],"curies":[{"name":"wp","href":"https:\/\/api.w.org\/{rel}","templated":true}]}}