{"id":1169,"date":"2024-08-05T22:02:03","date_gmt":"2024-08-05T20:02:03","guid":{"rendered":"https:\/\/www.foerderkreis-schloss-buchenau.de\/?p=1169"},"modified":"2024-08-05T22:02:03","modified_gmt":"2024-08-05T20:02:03","slug":"missing-o-love-open-air-im-schlossgarten","status":"publish","type":"post","link":"https:\/\/www.foerderkreis-schloss-buchenau.de\/?p=1169","title":{"rendered":"Missing-O-Love Open Air im Schlossgarten"},"content":{"rendered":"\n<p><\/p>\n\n\n\n<p>Nachdem das f\u00fcr den 9. August geplante Konzert mit Oliver Mally und Hubert Hofherr leider ausfallen muss, findet jetzt am 10.August ein Open Air mit Missing-O-Love statt.<\/p>\n\n\n\n<p>Folkrock im Schlossgarten: akustische Gitarren,\u00a0melodischer,\u00a0mehrstimmiger\u00a0Gesang und eine\u00a0rhythmische\u00a0Basis aus Schlagzeug und Bass. Die Band tritt nicht zum ersten Mal bei uns auf und ihre Konzerte brachten immer atmosph\u00e4risch dichte, intensive Abende in den\u00a0Schlossgarten, der wie ein zus\u00e4tzlicher Akteur das Seine zu einer einzigartigen Stimmung beitrug.\u00a0Es gab viele G\u00e4nshautmomente und sp\u00e4testens die traditionell\u00a0letzte Zugabe, &#8222;The Auld\u00a0Triangle&#8220;, a capella gesungen, erw\u00e4rmt auch noch das n\u00fcchternste Herz. Also\u00a0freuen wir uns auf einen weiteren Abend, der in Erinnerung bleiben wird.<\/p>\n\n\n\n<p>Etwas&nbsp;weniger schw\u00e4rmerisch noch ein paar Informationen zur Gruppe.<\/p>\n\n\n\n<p>Die\u00a0Band\u00a0&#8222;Missing-O-Love&#8220; wurde 2006 gegr\u00fcndet. <\/p>\n\n\n\n<p>Wie der Bandname erahnen l\u00e4sst handelt es sich schwerpunktm\u00e4\u00dfig um Songs aus der \u201eLove and Peace \u00c4ra\u201c, also aus der Zeit, als die Hippiebewegung sich aufmachte die Musikwelt zu erobern.<\/p>\n\n\n\n<p>Zu ihrem Repertoire geh\u00f6ren Songs von Crosby, Stills &amp; Nash, Bob Dylan, den Byrds, Neil Young oder den Beatles, um nur einige Namen aus dieser Musikrichtung zu nennen.<\/p>\n\n\n\n<p>Wichtig war den Bandmitgliedern von Anfang an ein harmonisch ausgefeilter dreistimmiger Gesang. Die S\u00e4nger und Gitarristen sind Christian Schmidt, Ottmar Kraus und Klaus Gundermann, der die Songs auch arrangiert.<\/p>\n\n\n\n<p>F\u00fcr den richtigen Drive sorgen Franz W\u00f6lfl am Bass und Schlagzeuger Georg Kroi\u00df.<\/p>\n\n\n\n<p>Das Konzert beginnt um 19:00 Uhr, der Eintritt betr\u00e4gt 15 \u20ac.<\/p>\n\n\n\n<p><\/p>\n","protected":false},"excerpt":{"rendered":"<p>Nachdem das f\u00fcr den 9. August geplante Konzert mit Oliver Mally und Hubert Hofherr leider ausfallen muss, findet jetzt am 10.August ein Open Air mit Missing-O-Love statt. Folkrock im Schlossgarten: akustische Gitarren,\u00a0melodischer,\u00a0mehrstimmiger\u00a0Gesang und eine\u00a0rhythmische\u00a0Basis aus Schlagzeug und Bass. Die Band tritt nicht zum ersten Mal bei uns auf und ihre Konzerte brachten immer atmosph\u00e4risch dichte, &hellip; <\/p>\n<p class=\"link-more\"><a href=\"https:\/\/www.foerderkreis-schloss-buchenau.de\/?p=1169\" class=\"more-link\"><span class=\"screen-reader-text\">\u201eMissing-O-Love Open Air im Schlossgarten\u201c <\/span>weiterlesen<\/a><\/p>\n","protected":false},"author":2,"featured_media":0,"comment_status":"closed","ping_status":"closed","sticky":false,"template":"","format":"standard","meta":{"footnotes":""},"categories":[1],"tags":[],"class_list":["post-1169","post","type-post","status-publish","format-standard","hentry","category-allgemein"],"_links":{"self":[{"href":"https:\/\/www.foerderkreis-schloss-buchenau.de\/index.php?rest_route=\/wp\/v2\/posts\/1169","targetHints":{"allow":["GET"]}}],"collection":[{"href":"https:\/\/www.foerderkreis-schloss-buchenau.de\/index.php?rest_route=\/wp\/v2\/posts"}],"about":[{"href":"https:\/\/www.foerderkreis-schloss-buchenau.de\/index.php?rest_route=\/wp\/v2\/types\/post"}],"author":[{"embeddable":true,"href":"https:\/\/www.foerderkreis-schloss-buchenau.de\/index.php?rest_route=\/wp\/v2\/users\/2"}],"replies":[{"embeddable":true,"href":"https:\/\/www.foerderkreis-schloss-buchenau.de\/index.php?rest_route=%2Fwp%2Fv2%2Fcomments&post=1169"}],"version-history":[{"count":1,"href":"https:\/\/www.foerderkreis-schloss-buchenau.de\/index.php?rest_route=\/wp\/v2\/posts\/1169\/revisions"}],"predecessor-version":[{"id":1170,"href":"https:\/\/www.foerderkreis-schloss-buchenau.de\/index.php?rest_route=\/wp\/v2\/posts\/1169\/revisions\/1170"}],"wp:attachment":[{"href":"https:\/\/www.foerderkreis-schloss-buchenau.de\/index.php?rest_route=%2Fwp%2Fv2%2Fmedia&parent=1169"}],"wp:term":[{"taxonomy":"category","embeddable":true,"href":"https:\/\/www.foerderkreis-schloss-buchenau.de\/index.php?rest_route=%2Fwp%2Fv2%2Fcategories&post=1169"},{"taxonomy":"post_tag","embeddable":true,"href":"https:\/\/www.foerderkreis-schloss-buchenau.de\/index.php?rest_route=%2Fwp%2Fv2%2Ftags&post=1169"}],"curies":[{"name":"wp","href":"https:\/\/api.w.org\/{rel}","templated":true}]}}