{"id":1172,"date":"2024-08-14T16:29:39","date_gmt":"2024-08-14T14:29:39","guid":{"rendered":"https:\/\/www.foerderkreis-schloss-buchenau.de\/?p=1172"},"modified":"2024-08-14T16:29:39","modified_gmt":"2024-08-14T14:29:39","slug":"der-foerderkreis-verliert-eines-seiner-gruendungsmitglieder","status":"publish","type":"post","link":"https:\/\/www.foerderkreis-schloss-buchenau.de\/?p=1172","title":{"rendered":"Der F\u00f6rderkreis verliert eines seiner Gr\u00fcndungsmitglieder"},"content":{"rendered":"\n<p>Mit Best\u00fcrzung und tiefer Trauer haben wir vom Tod Ursula Frankes erfahren. Sie ist am 9. August in Waldkirchen verstorben. Uschi geh\u00f6rte 2004 zu den Gr\u00fcndungsmitgliedern des F\u00f6rderkreises. \u00dcber Jahre hatte sie sich sowohl mit ihren Ideen als auch in ihrer zupackenden Art bei Festen und M\u00e4rkten in die Vereinsarbeit eingebracht, bis sie sich vor einigen Jahren aus famili\u00e4ren und gesundheitlichen Gr\u00fcnden zur\u00fcckziehen musste.  <br>Wir werden sie im Herzen behalten.<\/p>\n","protected":false},"excerpt":{"rendered":"<p>Mit Best\u00fcrzung und tiefer Trauer haben wir vom Tod Ursula Frankes erfahren. Sie ist am 9. August in Waldkirchen verstorben. Uschi geh\u00f6rte 2004 zu den Gr\u00fcndungsmitgliedern des F\u00f6rderkreises. \u00dcber Jahre hatte sie sich sowohl mit ihren Ideen als auch in ihrer zupackenden Art bei Festen und M\u00e4rkten in die Vereinsarbeit eingebracht, bis sie sich vor &hellip; <\/p>\n<p class=\"link-more\"><a href=\"https:\/\/www.foerderkreis-schloss-buchenau.de\/?p=1172\" class=\"more-link\"><span class=\"screen-reader-text\">\u201eDer F\u00f6rderkreis verliert eines seiner Gr\u00fcndungsmitglieder\u201c <\/span>weiterlesen<\/a><\/p>\n","protected":false},"author":2,"featured_media":0,"comment_status":"closed","ping_status":"closed","sticky":false,"template":"","format":"standard","meta":{"footnotes":""},"categories":[1],"tags":[],"class_list":["post-1172","post","type-post","status-publish","format-standard","hentry","category-allgemein"],"_links":{"self":[{"href":"https:\/\/www.foerderkreis-schloss-buchenau.de\/index.php?rest_route=\/wp\/v2\/posts\/1172","targetHints":{"allow":["GET"]}}],"collection":[{"href":"https:\/\/www.foerderkreis-schloss-buchenau.de\/index.php?rest_route=\/wp\/v2\/posts"}],"about":[{"href":"https:\/\/www.foerderkreis-schloss-buchenau.de\/index.php?rest_route=\/wp\/v2\/types\/post"}],"author":[{"embeddable":true,"href":"https:\/\/www.foerderkreis-schloss-buchenau.de\/index.php?rest_route=\/wp\/v2\/users\/2"}],"replies":[{"embeddable":true,"href":"https:\/\/www.foerderkreis-schloss-buchenau.de\/index.php?rest_route=%2Fwp%2Fv2%2Fcomments&post=1172"}],"version-history":[{"count":1,"href":"https:\/\/www.foerderkreis-schloss-buchenau.de\/index.php?rest_route=\/wp\/v2\/posts\/1172\/revisions"}],"predecessor-version":[{"id":1173,"href":"https:\/\/www.foerderkreis-schloss-buchenau.de\/index.php?rest_route=\/wp\/v2\/posts\/1172\/revisions\/1173"}],"wp:attachment":[{"href":"https:\/\/www.foerderkreis-schloss-buchenau.de\/index.php?rest_route=%2Fwp%2Fv2%2Fmedia&parent=1172"}],"wp:term":[{"taxonomy":"category","embeddable":true,"href":"https:\/\/www.foerderkreis-schloss-buchenau.de\/index.php?rest_route=%2Fwp%2Fv2%2Fcategories&post=1172"},{"taxonomy":"post_tag","embeddable":true,"href":"https:\/\/www.foerderkreis-schloss-buchenau.de\/index.php?rest_route=%2Fwp%2Fv2%2Ftags&post=1172"}],"curies":[{"name":"wp","href":"https:\/\/api.w.org\/{rel}","templated":true}]}}