{"id":1175,"date":"2024-08-25T23:07:02","date_gmt":"2024-08-25T21:07:02","guid":{"rendered":"https:\/\/www.foerderkreis-schloss-buchenau.de\/?p=1175"},"modified":"2024-08-25T23:58:00","modified_gmt":"2024-08-25T21:58:00","slug":"erika-eichenseer-erzaehlt-maerchen-im-palmenhaus","status":"publish","type":"post","link":"https:\/\/www.foerderkreis-schloss-buchenau.de\/?p=1175","title":{"rendered":"Erika Eichenseer erz\u00e4hlt M\u00e4rchen im Palmenhaus"},"content":{"rendered":"\n<p>Am n\u00e4chsten Samstag, 31. August kommt Monika Eichenseer zu uns nach Buchenau. Die 90-j\u00e4hrige ehemalige Realschullehrerin, verheiratet\u00a0mit dem 2015 verstorbenen Bezirksheimatpfleger der Oberpfalz, Adolf Eichenseer,\u00a0\u00a0entdeckte im\u00a0Stadtarchiv Regensburg\u00a0rund 500 bis dahin unbekannte M\u00e4rchen\u00a0<a href=\"https:\/\/de.wikipedia.org\/wiki\/Franz_Xaver_von_Sch%C3%B6nwerth\">Franz Xaver von Sch\u00f6nwerths<\/a>, die sie in mehreren B\u00fcchern auch als Herausgeberin ver\u00f6ffentlicht hat.\u00a0Sie wird M\u00e4rchen erz\u00e4hlen, ganz in die Rolle der M\u00e4rchenerz\u00e4hlerin schl\u00fcpfen, die die M\u00e4rchen frei vortr\u00e4gt. Einfach nur vorzulesen w\u00fcrde ihrem Anspruch nicht gerecht.<\/p>\n\n\n\n<p>Der Vortrag ist eingebettet in die Fabelwelt der jetzt in Drachselsried ans\u00e4ssigen K\u00fcnstlerin Elfriede Winter. Holzkollagen nennt sie die Waldgeister, Engel und M\u00e4rchenwesen, die sie aus h\u00f6lzernen Fundst\u00fccken zusammensetzt. Sie studierte an der Akademie der Bildenden K\u00fcnste in D\u00fcsseldorf und war dann lange Jahre als Kunsterzieherin am Benedikt-Sattler-Gymnasium in Bad K\u00f6tzting t\u00e4tig. Ihre Ausstellung wird anschlie\u00dfend, kombiniert mit Bildern des renommierten Pilsener Fotographen Vladim\u00edr Koz\u00ed\u0161ek, vom 7. September bis zum 13. Oktober im Palmenhaus zu sehen sein. <\/p>\n\n\n\n<p>Musikalisch umrahmt wird die Veranstaltung von den beiden Gitarristen des Hot Club de la Foret, Gerhard und Max Fischl. Harmonischer Swing und Gypsy-Jazz als kontrastreiche Erg\u00e4nzung zu M\u00e4rchen und Fabelwesen.<\/p>\n\n\n\n<p>Die Veranstaltung findet im Palmenhaus statt, beginnt um 19 Uhr, der Eintritt betr\u00e4gt 15 \u20ac.&nbsp;<\/p>\n\n\n\n<p> &nbsp; &nbsp; &nbsp; &nbsp; &nbsp; &nbsp; &nbsp; &nbsp; &nbsp; &nbsp; &nbsp; &nbsp; &nbsp; &nbsp; &nbsp; &nbsp; &nbsp; &nbsp; &nbsp; &nbsp; &nbsp; &nbsp; &nbsp; &nbsp; &nbsp; &nbsp; &nbsp; &nbsp; &nbsp; &nbsp; &nbsp; &nbsp; &nbsp; &nbsp; &nbsp; &nbsp; &nbsp; &nbsp; &nbsp; &nbsp; &nbsp; &nbsp; &nbsp; &nbsp; &nbsp; &nbsp; &nbsp; &nbsp; &nbsp; &nbsp; &nbsp; &nbsp; &nbsp; &nbsp; &nbsp; &nbsp; &nbsp; &nbsp; &nbsp; &nbsp; &nbsp; &nbsp; &nbsp; &nbsp; &nbsp; &nbsp; &nbsp; &nbsp; &nbsp; &nbsp; &nbsp; &nbsp; &nbsp; &nbsp; &nbsp; <\/p>\n","protected":false},"excerpt":{"rendered":"<p>Am n\u00e4chsten Samstag, 31. August kommt Monika Eichenseer zu uns nach Buchenau. Die 90-j\u00e4hrige ehemalige Realschullehrerin, verheiratet\u00a0mit dem 2015 verstorbenen Bezirksheimatpfleger der Oberpfalz, Adolf Eichenseer,\u00a0\u00a0entdeckte im\u00a0Stadtarchiv Regensburg\u00a0rund 500 bis dahin unbekannte M\u00e4rchen\u00a0Franz Xaver von Sch\u00f6nwerths, die sie in mehreren B\u00fcchern auch als Herausgeberin ver\u00f6ffentlicht hat.\u00a0Sie wird M\u00e4rchen erz\u00e4hlen, ganz in die Rolle der M\u00e4rchenerz\u00e4hlerin schl\u00fcpfen, &hellip; <\/p>\n<p class=\"link-more\"><a href=\"https:\/\/www.foerderkreis-schloss-buchenau.de\/?p=1175\" class=\"more-link\"><span class=\"screen-reader-text\">\u201eErika Eichenseer erz\u00e4hlt M\u00e4rchen im Palmenhaus\u201c <\/span>weiterlesen<\/a><\/p>\n","protected":false},"author":2,"featured_media":0,"comment_status":"closed","ping_status":"closed","sticky":false,"template":"","format":"standard","meta":{"footnotes":""},"categories":[1],"tags":[],"class_list":["post-1175","post","type-post","status-publish","format-standard","hentry","category-allgemein"],"_links":{"self":[{"href":"https:\/\/www.foerderkreis-schloss-buchenau.de\/index.php?rest_route=\/wp\/v2\/posts\/1175","targetHints":{"allow":["GET"]}}],"collection":[{"href":"https:\/\/www.foerderkreis-schloss-buchenau.de\/index.php?rest_route=\/wp\/v2\/posts"}],"about":[{"href":"https:\/\/www.foerderkreis-schloss-buchenau.de\/index.php?rest_route=\/wp\/v2\/types\/post"}],"author":[{"embeddable":true,"href":"https:\/\/www.foerderkreis-schloss-buchenau.de\/index.php?rest_route=\/wp\/v2\/users\/2"}],"replies":[{"embeddable":true,"href":"https:\/\/www.foerderkreis-schloss-buchenau.de\/index.php?rest_route=%2Fwp%2Fv2%2Fcomments&post=1175"}],"version-history":[{"count":2,"href":"https:\/\/www.foerderkreis-schloss-buchenau.de\/index.php?rest_route=\/wp\/v2\/posts\/1175\/revisions"}],"predecessor-version":[{"id":1178,"href":"https:\/\/www.foerderkreis-schloss-buchenau.de\/index.php?rest_route=\/wp\/v2\/posts\/1175\/revisions\/1178"}],"wp:attachment":[{"href":"https:\/\/www.foerderkreis-schloss-buchenau.de\/index.php?rest_route=%2Fwp%2Fv2%2Fmedia&parent=1175"}],"wp:term":[{"taxonomy":"category","embeddable":true,"href":"https:\/\/www.foerderkreis-schloss-buchenau.de\/index.php?rest_route=%2Fwp%2Fv2%2Fcategories&post=1175"},{"taxonomy":"post_tag","embeddable":true,"href":"https:\/\/www.foerderkreis-schloss-buchenau.de\/index.php?rest_route=%2Fwp%2Fv2%2Ftags&post=1175"}],"curies":[{"name":"wp","href":"https:\/\/api.w.org\/{rel}","templated":true}]}}