{"id":1180,"date":"2024-09-03T14:50:44","date_gmt":"2024-09-03T12:50:44","guid":{"rendered":"https:\/\/www.foerderkreis-schloss-buchenau.de\/?p=1180"},"modified":"2024-09-03T14:50:44","modified_gmt":"2024-09-03T12:50:44","slug":"die-veranstaltungen-des-kommenden-wochenendes","status":"publish","type":"post","link":"https:\/\/www.foerderkreis-schloss-buchenau.de\/?p=1180","title":{"rendered":"Die Veranstaltungen des kommenden Wochenendes"},"content":{"rendered":"\n<p><\/p>\n\n\n\n<p>Das letzte Wochenende war sch\u00f6n im Schloss. Unser Caf\u00ea hatte offen und viele Besucher kamen, um die entspannte Atmosph\u00e4re unter dem Walnussbaum mit Blick\u00a0auf Schloss\u00a0und Garten, die selbstgemachten Torten und Kuchen oder einen Spritz mit Aperol oder Limoncello zu genie\u00dfen. Am Samstag Abend verzauberte die 90-j\u00e4hrige M\u00e4rchenerz\u00e4hlerin Erika Eichenseer die Besucher, umrahmt von M\u00e4rchenwesen, Waldgeistern und Feen, gestaltet aus Holz-Fundst\u00fccken von Elfriede Winter und eingebettet in die subtil auf die M\u00e4rchentexte abgestimmte\u00a0Musik des Gitarrenduos Max und Gerhard Fischl.<\/p>\n\n\n\n<p>Das kommende Wochenende verspricht nicht weniger spannenden Kunstgenuss. Am Freitag, den 6. September um 17:00 Uhr findet im Palmenhaus die Vernissage zu einer Ausstellung mit Bildern des renommierten Pilsener Fotografen Vladim\u00edr Koz\u00ed\u0161ek und den oben schon erw\u00e4hnten Holzkollagen von Elfriede Winter statt. Den&nbsp;musikalischen Hintergrund&nbsp;gestalten&nbsp;Max Niedermeier (Saxophon) und Max Fischl (Gitarre). Anschlie\u00dfend laden wir zu Wein, Brot und Aufstrichen ein.<\/p>\n\n\n\n<p>Vladim\u00edr Koz\u00ed\u0161ek liebt den B\u00f6hmerwald und auf dessen bayerischer Seite vor allem die Schachten und Filze. Diese Grundthemen seines Schaffens hat er in vielen Ausstellung pr\u00e4sentiert, sie haben ihm Preise eingebracht und er hat dar\u00fcber&nbsp;ein Fotobuch ver\u00f6ffenftlicht. Genaueres dazu finden Sie im Anhang.<\/p>\n\n\n\n<p>Die jetzt in Drachselsried ans\u00e4ssige&nbsp;K\u00fcnstlerin Elfriede Winter nennt die Waldgeister, Engel und M\u00e4rchenwesen, die sie aus h\u00f6lzernen Fundst\u00fccken zusammensetzt &#8222;Holzkollagen&#8220;. Sie studierte an der Akademie der Bildenden K\u00fcnste in D\u00fcsseldorf Philosophie, Kunstgeschichte und Malerei, unter anderem bei den Professoren Macketanz und Beuys und war dann lange Jahre als Kunsterzieherin am Benedikt-Stattler-Gymnasium in Bad K\u00f6tzting t\u00e4tig.<\/p>\n\n\n\n<p>Die&nbsp;Ausstellung wird anschlie\u00dfend&nbsp;vom 7. September bis zum 13. Oktober jeweils an Samstagen und Sonntagen von 13 bis 17 Ihr im Palmenhaus zu sehen sein.<\/p>\n\n\n\n<p>Am Sonntag, den 8. September ist die gro\u00dfartige N\u00fcrnberger Pianistin Nadja Prestel bei uns zu Gast. Sie hatte uns schon vor zwei Jahren&nbsp;mit Werken von J.S. Bach und Sofia Gubaidulina begeistert. Beim diesj\u00e4hrigen Aufrtritt wird sie ein Programm mit den drei gro\u00dfen Protagonisten der deutschen Romantik, Felix Mendelssohn-Bartholdy, Robert Schumann und Johannes Brahms gestalten. das genaue Programm finden Sie ebenfalls im Anhang.&nbsp; &nbsp; &nbsp; &nbsp; &nbsp; &nbsp; &nbsp; &nbsp; &nbsp; &nbsp; &nbsp; &nbsp; &nbsp; &nbsp; &nbsp; &nbsp; &nbsp; &nbsp; &nbsp; &nbsp; &nbsp; &nbsp; &nbsp; &nbsp; &nbsp; &nbsp; &nbsp; &nbsp; &nbsp; &nbsp; &nbsp; &nbsp; &nbsp; &nbsp; &nbsp; &nbsp; &nbsp; &nbsp; &nbsp; &nbsp; &nbsp; &nbsp; &nbsp; &nbsp; &nbsp; &nbsp; &nbsp; &nbsp; &nbsp; &nbsp; &nbsp; &nbsp; &nbsp; &nbsp; &nbsp; &nbsp; &nbsp; &nbsp; &nbsp; &nbsp; &nbsp;&nbsp;Nadja Prestel&nbsp;erhielt ihre pianistische Ausbildung an der Hochschule f\u00fcr Musik W\u00fcrzburg bei Edith Thauer. Meisterkurse und die Zusammenarbeit mit ver-schiedenen Komponisten gaben ihr zus\u00e4tzliche Anregung. Bereits im Studium galt ihre besondere Liebe der Kammermusik und Liedbegleitung. In diesem Bereich lag dann auch der Schwerpunkt ihrer Konzertt\u00e4tigkeit. Seit 20 Jahren pflegt sie dar\u00fcber hinaus eine intensive Zusammenarbeit mit mehreren Ch\u00f6ren im Raum N\u00fcrnberg, vor allem an St. Sebald, N\u00fcrnberg, und dem dortigen KMD Bernhard Buttmann. Neben der Erarbeitung von Chorwerken aller Epochen und Stilrichtungen, liegt ein Schwerpunkt ihrer Arbeit als Chorkorrepetitorin und Orgelcontinuo-Spielerin in der Besch\u00e4ftigung mit dem Kantaten- und Oratorienwerks Johann Sebastian Bachs.<\/p>\n\n\n\n<p>Das Konzert beginnt um 17:00 Uhr, der Eintritt kostet 15 \u20ac<\/p>\n","protected":false},"excerpt":{"rendered":"<p>Das letzte Wochenende war sch\u00f6n im Schloss. Unser Caf\u00ea hatte offen und viele Besucher kamen, um die entspannte Atmosph\u00e4re unter dem Walnussbaum mit Blick\u00a0auf Schloss\u00a0und Garten, die selbstgemachten Torten und Kuchen oder einen Spritz mit Aperol oder Limoncello zu genie\u00dfen. Am Samstag Abend verzauberte die 90-j\u00e4hrige M\u00e4rchenerz\u00e4hlerin Erika Eichenseer die Besucher, umrahmt von M\u00e4rchenwesen, Waldgeistern &hellip; <\/p>\n<p class=\"link-more\"><a href=\"https:\/\/www.foerderkreis-schloss-buchenau.de\/?p=1180\" class=\"more-link\"><span class=\"screen-reader-text\">\u201eDie Veranstaltungen des kommenden Wochenendes\u201c <\/span>weiterlesen<\/a><\/p>\n","protected":false},"author":2,"featured_media":0,"comment_status":"closed","ping_status":"closed","sticky":false,"template":"","format":"standard","meta":{"footnotes":""},"categories":[1],"tags":[],"class_list":["post-1180","post","type-post","status-publish","format-standard","hentry","category-allgemein"],"_links":{"self":[{"href":"https:\/\/www.foerderkreis-schloss-buchenau.de\/index.php?rest_route=\/wp\/v2\/posts\/1180","targetHints":{"allow":["GET"]}}],"collection":[{"href":"https:\/\/www.foerderkreis-schloss-buchenau.de\/index.php?rest_route=\/wp\/v2\/posts"}],"about":[{"href":"https:\/\/www.foerderkreis-schloss-buchenau.de\/index.php?rest_route=\/wp\/v2\/types\/post"}],"author":[{"embeddable":true,"href":"https:\/\/www.foerderkreis-schloss-buchenau.de\/index.php?rest_route=\/wp\/v2\/users\/2"}],"replies":[{"embeddable":true,"href":"https:\/\/www.foerderkreis-schloss-buchenau.de\/index.php?rest_route=%2Fwp%2Fv2%2Fcomments&post=1180"}],"version-history":[{"count":1,"href":"https:\/\/www.foerderkreis-schloss-buchenau.de\/index.php?rest_route=\/wp\/v2\/posts\/1180\/revisions"}],"predecessor-version":[{"id":1181,"href":"https:\/\/www.foerderkreis-schloss-buchenau.de\/index.php?rest_route=\/wp\/v2\/posts\/1180\/revisions\/1181"}],"wp:attachment":[{"href":"https:\/\/www.foerderkreis-schloss-buchenau.de\/index.php?rest_route=%2Fwp%2Fv2%2Fmedia&parent=1180"}],"wp:term":[{"taxonomy":"category","embeddable":true,"href":"https:\/\/www.foerderkreis-schloss-buchenau.de\/index.php?rest_route=%2Fwp%2Fv2%2Fcategories&post=1180"},{"taxonomy":"post_tag","embeddable":true,"href":"https:\/\/www.foerderkreis-schloss-buchenau.de\/index.php?rest_route=%2Fwp%2Fv2%2Ftags&post=1180"}],"curies":[{"name":"wp","href":"https:\/\/api.w.org\/{rel}","templated":true}]}}