{"id":1200,"date":"2024-10-13T20:25:10","date_gmt":"2024-10-13T18:25:10","guid":{"rendered":"https:\/\/www.foerderkreis-schloss-buchenau.de\/?p=1200"},"modified":"2024-10-13T20:25:10","modified_gmt":"2024-10-13T18:25:10","slug":"lieder-ohne-worte-ein-fest-der-akustischen-gitarre","status":"publish","type":"post","link":"https:\/\/www.foerderkreis-schloss-buchenau.de\/?p=1200","title":{"rendered":"&#8222;Lieder ohne Worte&#8220;. Ein Fest der akustischen Gitarre."},"content":{"rendered":"\n<p>Am kommenden Sonntag k\u00f6nnen wir Ihnen ein ganz besonderes Konzert anbieten. Freunde exzellenter Gitarrenmusik kommen bei uns ja schon seit Jahren auf ihre Kosten. Vor allem der wunderbare Jazzgitarrist Michael Reiss absolvierte zuletzt mit seinem Solokonzert Strings &amp; Fingers einen furiosen Auftritt im Schloss.<\/p>\n\n\n\n<p>Erstmals wird jetzt mit dem Australier Jordan Brodie ein internationaler K\u00fcnstler bei uns auftreten. Gemeinsam mit dem renommierten bayerischen Gitarristen Michael Kern wird er ein Fest der akustischen Gitarre zelebrieren.<\/p>\n\n\n\n<p>Im folgenden Text finden Sie weitere Informationen \u00fcber diese beiden au\u00dferordentliche Gitarristen und ihre Musik.<\/p>\n\n\n\n<p>Eine musikalische Reise mit zwei Ausnahme-Gitarristen aus entgegengesetzten Polen der Welt. An diesem Abend treffen der Oberbayer Micha Kern vom Chiemsee und der Australier Jordan Brodie aufeinander. Mit \u201eSongs without words\u201c zeigen die beiden Akustik-Virtuosen, welche unfassbaren Klang-Momente auf der Gitarre m\u00f6glich sind. Jordan Brodie, der als einer der besten jungen Gitarristen Australiens gefeiert wird, beehrt die B\u00fchne mit seiner beeindruckenden Fingerstyle-Technik, seinem au\u00dfergew\u00f6hnlichen Songwriting und einer fesselnden Show. Auf der anderen Seite begeistert Micha Kern aus dem Chiemgau das Publikum mit seiner einzigartigen F\u00e4higkeit, die Gitarre gef\u00fchlt in eine komplette Band zu verwandeln. Auf meisterhafte Weise verbindet er explosive Riffs, gef\u00fchlvolle Kompositionen und kreatives Storytelling miteinander.<\/p>\n\n\n\n<p>Das Konzert findet am kommenden Sonntag, den 20. Oktober um 17:00 Uhr statt. Der Eintritt kostet 18 \u20ac.<\/p>\n","protected":false},"excerpt":{"rendered":"<p>Am kommenden Sonntag k\u00f6nnen wir Ihnen ein ganz besonderes Konzert anbieten. Freunde exzellenter Gitarrenmusik kommen bei uns ja schon seit Jahren auf ihre Kosten. Vor allem der wunderbare Jazzgitarrist Michael Reiss absolvierte zuletzt mit seinem Solokonzert Strings &amp; Fingers einen furiosen Auftritt im Schloss. Erstmals wird jetzt mit dem Australier Jordan Brodie ein internationaler K\u00fcnstler &hellip; <\/p>\n<p class=\"link-more\"><a href=\"https:\/\/www.foerderkreis-schloss-buchenau.de\/?p=1200\" class=\"more-link\"><span class=\"screen-reader-text\">\u201e&#8222;Lieder ohne Worte&#8220;. Ein Fest der akustischen Gitarre.\u201c <\/span>weiterlesen<\/a><\/p>\n","protected":false},"author":2,"featured_media":0,"comment_status":"closed","ping_status":"closed","sticky":false,"template":"","format":"standard","meta":{"footnotes":""},"categories":[1],"tags":[],"class_list":["post-1200","post","type-post","status-publish","format-standard","hentry","category-allgemein"],"_links":{"self":[{"href":"https:\/\/www.foerderkreis-schloss-buchenau.de\/index.php?rest_route=\/wp\/v2\/posts\/1200","targetHints":{"allow":["GET"]}}],"collection":[{"href":"https:\/\/www.foerderkreis-schloss-buchenau.de\/index.php?rest_route=\/wp\/v2\/posts"}],"about":[{"href":"https:\/\/www.foerderkreis-schloss-buchenau.de\/index.php?rest_route=\/wp\/v2\/types\/post"}],"author":[{"embeddable":true,"href":"https:\/\/www.foerderkreis-schloss-buchenau.de\/index.php?rest_route=\/wp\/v2\/users\/2"}],"replies":[{"embeddable":true,"href":"https:\/\/www.foerderkreis-schloss-buchenau.de\/index.php?rest_route=%2Fwp%2Fv2%2Fcomments&post=1200"}],"version-history":[{"count":1,"href":"https:\/\/www.foerderkreis-schloss-buchenau.de\/index.php?rest_route=\/wp\/v2\/posts\/1200\/revisions"}],"predecessor-version":[{"id":1201,"href":"https:\/\/www.foerderkreis-schloss-buchenau.de\/index.php?rest_route=\/wp\/v2\/posts\/1200\/revisions\/1201"}],"wp:attachment":[{"href":"https:\/\/www.foerderkreis-schloss-buchenau.de\/index.php?rest_route=%2Fwp%2Fv2%2Fmedia&parent=1200"}],"wp:term":[{"taxonomy":"category","embeddable":true,"href":"https:\/\/www.foerderkreis-schloss-buchenau.de\/index.php?rest_route=%2Fwp%2Fv2%2Fcategories&post=1200"},{"taxonomy":"post_tag","embeddable":true,"href":"https:\/\/www.foerderkreis-schloss-buchenau.de\/index.php?rest_route=%2Fwp%2Fv2%2Ftags&post=1200"}],"curies":[{"name":"wp","href":"https:\/\/api.w.org\/{rel}","templated":true}]}}