{"id":1208,"date":"2024-11-10T21:01:56","date_gmt":"2024-11-10T20:01:56","guid":{"rendered":"https:\/\/www.foerderkreis-schloss-buchenau.de\/?p=1208"},"modified":"2024-11-10T21:01:56","modified_gmt":"2024-11-10T20:01:56","slug":"atemberaubend-war-es-2023-das-prager-konservatorium-gastiert-erneut-bei-uns","status":"publish","type":"post","link":"https:\/\/www.foerderkreis-schloss-buchenau.de\/?p=1208","title":{"rendered":"Atemberaubend war es 2023. Das Prager Konservatorium gastiert erneut bei uns."},"content":{"rendered":"\n<p>Atemberaubend nannte Aurel von Bismarck in seiner Rezension das Konzert des Prager Konservatoriums im November letzten Jahres. Eine musikalische Sternstunde. Noch einmal mit den drei gleichen Meistersch\u00fclern kommt Professor Alex Kanka zum diesj\u00e4hrigen Konzert nach Buchenau. Diese phantastischen jungen Musiker sind jetzt noch ein Jahr \u00e4lter, k\u00f6nnen eigentlich nur noch besser sein und wir freuen uns auf einen erneuten H\u00f6hepunkt unseres Konzertjahres.<\/p>\n\n\n\n<p>Das Konzert findet am 16. November um 19:00 Uhr statt, der Eintritt betr\u00e4gt 15 \u20ac.<\/p>\n\n\n\n<p>Das Programm finden Sie im Folgenden.<\/p>\n\n\n\n<p>                                                       <strong>Kammerkonzert<\/strong><\/p>\n\n\n\n<p><strong>&nbsp;&nbsp;&nbsp;&nbsp;&nbsp;&nbsp;&nbsp;&nbsp;&nbsp;&nbsp;&nbsp;&nbsp;&nbsp;&nbsp;&nbsp;&nbsp;&nbsp;&nbsp;&nbsp;&nbsp;&nbsp;&nbsp;mit Studenten des Prager Konservatoriums<\/strong><\/p>\n\n\n\n<p>&nbsp;&nbsp;&nbsp;&nbsp;&nbsp;&nbsp;&nbsp;&nbsp;&nbsp;&nbsp;&nbsp;&nbsp;&nbsp;&nbsp;&nbsp;&nbsp;&nbsp;&nbsp;&nbsp;&nbsp;&nbsp;&nbsp;&nbsp;&nbsp;&nbsp;&nbsp;&nbsp;&nbsp;&nbsp;&nbsp;&nbsp;&nbsp;&nbsp;&nbsp;&nbsp;&nbsp;&nbsp;&nbsp;&nbsp;&nbsp;&nbsp;&nbsp;&nbsp;&nbsp;&nbsp;&nbsp;&nbsp;&nbsp;&nbsp;&nbsp;&nbsp;&nbsp;&nbsp;&nbsp;&nbsp;&nbsp;&nbsp;&nbsp;&nbsp;&nbsp;&nbsp;&nbsp;Jan Nov\u00e1k \u2013 Geige<\/p>\n\n\n\n<p>&nbsp;&nbsp;&nbsp;&nbsp;&nbsp;&nbsp;&nbsp;&nbsp;&nbsp;&nbsp;&nbsp;&nbsp;&nbsp;&nbsp;&nbsp;&nbsp;&nbsp;&nbsp;&nbsp;&nbsp;&nbsp;&nbsp;&nbsp;&nbsp;&nbsp;&nbsp;&nbsp;&nbsp;&nbsp;&nbsp;&nbsp;&nbsp;&nbsp;&nbsp;&nbsp;&nbsp;&nbsp;&nbsp;&nbsp;&nbsp;&nbsp;&nbsp;&nbsp;&nbsp;&nbsp;&nbsp;&nbsp;&nbsp;&nbsp;&nbsp;&nbsp;&nbsp;&nbsp;&nbsp;&nbsp;Ad\u00e9la Mu\u017e\u00edkov\u00e1 &#8211; Klavier<\/p>\n\n\n\n<p>&nbsp;&nbsp;&nbsp;&nbsp;&nbsp;&nbsp;&nbsp;&nbsp;&nbsp;&nbsp;&nbsp;&nbsp;&nbsp;&nbsp;&nbsp;&nbsp;&nbsp;&nbsp;&nbsp;&nbsp;&nbsp;&nbsp;&nbsp;&nbsp;&nbsp;&nbsp;&nbsp;&nbsp;&nbsp;&nbsp;&nbsp;&nbsp;&nbsp;&nbsp;&nbsp;&nbsp;&nbsp;&nbsp;&nbsp;&nbsp;&nbsp;&nbsp;&nbsp;&nbsp;&nbsp;&nbsp;&nbsp;&nbsp;&nbsp;&nbsp;Kl\u00e1ra Mukn\u0161n\u00e1blov\u00e1 \u2013 Gesang<\/p>\n\n\n\n<p>&nbsp;&nbsp;&nbsp;&nbsp;&nbsp;&nbsp;&nbsp;&nbsp;&nbsp;&nbsp;&nbsp;&nbsp;&nbsp;&nbsp;&nbsp;&nbsp;&nbsp;&nbsp;&nbsp;&nbsp;&nbsp;&nbsp;&nbsp;&nbsp;&nbsp;&nbsp;&nbsp;&nbsp;&nbsp;&nbsp;&nbsp;&nbsp;&nbsp;&nbsp;&nbsp;&nbsp;&nbsp;&nbsp;&nbsp;&nbsp;&nbsp;&nbsp;&nbsp;&nbsp;&nbsp;&nbsp;&nbsp;&nbsp;&nbsp;&nbsp;&nbsp;&nbsp;&nbsp;&nbsp;Prof. Ale\u0161 Ka\u0148ka \u2013 Klavier<\/p>\n\n\n\n<p>Programm:<\/p>\n\n\n\n<p>Ludwig van Beethoven<\/p>\n\n\n\n<p>Klaviersonate d-Moll op. 10<\/p>\n\n\n\n<p>3. Menuetto. Allegro &#8211; 4. Rondo. Allegro<\/p>\n\n\n\n<p>Anton\u00edn Dvo\u0159\u00e1k<\/p>\n\n\n\n<p>Liebeslieder op. 83 (Text Gustav Pfleger Moravsk\u00fd)<\/p>\n\n\n\n<p>1. Wird doch die Liebe<\/p>\n\n\n\n<p>2. Tot ist&#8217;s in mancher Menschenbrust<\/p>\n\n\n\n<p>4. Ich weiss, dass meiner Lieb` zu dir&nbsp;<\/p>\n\n\n\n<p>5. Rings die Natur nun in Schlummer und Tr\u00e4umen<\/p>\n\n\n\n<p>7. Im s\u00fcssen Bann von deinem Blick<\/p>\n\n\n\n<p>8. Du einzig Teure, nur f\u00fcr dich<\/p>\n\n\n\n<p>Anton\u00edn Dvo\u0159\u00e1k<\/p>\n\n\n\n<p>Sonatine G-Dur op. 100 f\u00fcr Violine und Klavier<\/p>\n\n\n\n<p>1. Allegro risoluto \u2013 2. Larghetto \u2013 3. Molto vivace<\/p>\n\n\n\n<p>&#8212;- Pause &#8212;-<\/p>\n\n\n\n<p>Ludwig van Beethoven<\/p>\n\n\n\n<p>Sonate A-Dur op. 49 f\u00fcr Violine und Klavier<\/p>\n\n\n\n<p>Adagio sostenuto \u2013 Presto<\/p>\n\n\n\n<p>Franz Schubert&nbsp;<\/p>\n\n\n\n<p>Heidenr\u00f6slein (Text Johann Wolfgang Goethe)<\/p>\n\n\n\n<p>Der Knabe (Text Karl Wilhelm Friedrich Schlegel)<\/p>\n\n\n\n<p>Carl Maria von Weber&nbsp;<\/p>\n\n\n\n<p>Der Freisch\u00fctz: Aria Agathe<\/p>\n\n\n\n<p>\u201eWie nahte mir der Schlummer\u201c<\/p>\n\n\n\n<p>Frederyk Chopin&nbsp;<\/p>\n\n\n\n<p>Nocturne c-Moll op. 48<\/p>\n\n\n\n<p>Scherzo cis-Moll op. 39<\/p>\n\n\n\n<p><\/p>\n\n\n\n<p><\/p>\n\n\n\n<figure class=\"wp-block-image size-full\"><img loading=\"lazy\" decoding=\"async\" width=\"720\" height=\"960\" src=\"https:\/\/www.foerderkreis-schloss-buchenau.de\/wp-content\/uploads\/2024\/11\/Full-House.jpg\" alt=\"\" class=\"wp-image-1209\" srcset=\"https:\/\/www.foerderkreis-schloss-buchenau.de\/wp-content\/uploads\/2024\/11\/Full-House.jpg 720w, https:\/\/www.foerderkreis-schloss-buchenau.de\/wp-content\/uploads\/2024\/11\/Full-House-225x300.jpg 225w\" sizes=\"auto, (max-width: 720px) 100vw, 720px\" \/><\/figure>\n\n\n\n<ul class=\"wp-block-list\">\n<li><\/li>\n<\/ul>\n\n\n\n<div class=\"wp-block-file\"><a href=\"https:\/\/www.foerderkreis-schloss-buchenau.de\/wp-content\/uploads\/2024\/11\/Kammerkonzert-Prager-Konservatorium-2024.docx\" class=\"wp-block-file__button wp-element-button\" download><\/a><\/div>\n\n\n\n<p><\/p>\n","protected":false},"excerpt":{"rendered":"<p>Atemberaubend nannte Aurel von Bismarck in seiner Rezension das Konzert des Prager Konservatoriums im November letzten Jahres. Eine musikalische Sternstunde. Noch einmal mit den drei gleichen Meistersch\u00fclern kommt Professor Alex Kanka zum diesj\u00e4hrigen Konzert nach Buchenau. Diese phantastischen jungen Musiker sind jetzt noch ein Jahr \u00e4lter, k\u00f6nnen eigentlich nur noch besser sein und wir freuen &hellip; <\/p>\n<p class=\"link-more\"><a href=\"https:\/\/www.foerderkreis-schloss-buchenau.de\/?p=1208\" class=\"more-link\"><span class=\"screen-reader-text\">\u201eAtemberaubend war es 2023. Das Prager Konservatorium gastiert erneut bei uns.\u201c <\/span>weiterlesen<\/a><\/p>\n","protected":false},"author":2,"featured_media":0,"comment_status":"closed","ping_status":"closed","sticky":false,"template":"","format":"standard","meta":{"footnotes":""},"categories":[1],"tags":[],"class_list":["post-1208","post","type-post","status-publish","format-standard","hentry","category-allgemein"],"_links":{"self":[{"href":"https:\/\/www.foerderkreis-schloss-buchenau.de\/index.php?rest_route=\/wp\/v2\/posts\/1208","targetHints":{"allow":["GET"]}}],"collection":[{"href":"https:\/\/www.foerderkreis-schloss-buchenau.de\/index.php?rest_route=\/wp\/v2\/posts"}],"about":[{"href":"https:\/\/www.foerderkreis-schloss-buchenau.de\/index.php?rest_route=\/wp\/v2\/types\/post"}],"author":[{"embeddable":true,"href":"https:\/\/www.foerderkreis-schloss-buchenau.de\/index.php?rest_route=\/wp\/v2\/users\/2"}],"replies":[{"embeddable":true,"href":"https:\/\/www.foerderkreis-schloss-buchenau.de\/index.php?rest_route=%2Fwp%2Fv2%2Fcomments&post=1208"}],"version-history":[{"count":1,"href":"https:\/\/www.foerderkreis-schloss-buchenau.de\/index.php?rest_route=\/wp\/v2\/posts\/1208\/revisions"}],"predecessor-version":[{"id":1211,"href":"https:\/\/www.foerderkreis-schloss-buchenau.de\/index.php?rest_route=\/wp\/v2\/posts\/1208\/revisions\/1211"}],"wp:attachment":[{"href":"https:\/\/www.foerderkreis-schloss-buchenau.de\/index.php?rest_route=%2Fwp%2Fv2%2Fmedia&parent=1208"}],"wp:term":[{"taxonomy":"category","embeddable":true,"href":"https:\/\/www.foerderkreis-schloss-buchenau.de\/index.php?rest_route=%2Fwp%2Fv2%2Fcategories&post=1208"},{"taxonomy":"post_tag","embeddable":true,"href":"https:\/\/www.foerderkreis-schloss-buchenau.de\/index.php?rest_route=%2Fwp%2Fv2%2Ftags&post=1208"}],"curies":[{"name":"wp","href":"https:\/\/api.w.org\/{rel}","templated":true}]}}