{"id":1230,"date":"2025-01-09T20:04:24","date_gmt":"2025-01-09T19:04:24","guid":{"rendered":"https:\/\/www.foerderkreis-schloss-buchenau.de\/?p=1230"},"modified":"2025-01-09T20:04:24","modified_gmt":"2025-01-09T19:04:24","slug":"abi-wallenstein-und-huber-hofherr-eroeffnen-das-veranstaltungsjahr-2025","status":"publish","type":"post","link":"https:\/\/www.foerderkreis-schloss-buchenau.de\/?p=1230","title":{"rendered":"Abi Wallenstein und Huber Hofherr er\u00f6ffnen das Veranstaltungsjahr 2025."},"content":{"rendered":"\n<p>Die Konzertsaison im Schloss beginnt in diesem Jahr bereits am 16. Januar. Und zwar wie im Vorjahr mit einem richtigen \u201eHammer\u201c: Abi Wallenstein, eine Legende des europ\u00e4ischen Blues, und der ph\u00e4nomenale Hubert Hofherr sind nach dem wunderbaren Konzert im Februar 2024, bei dem sie in einem bis zum letzten Platz gef\u00fcllten Saal die Besucher begeistert hatten, erneut bei uns zu Gast. Sie starten in Buchenau ihre Januar-Tournee und begehen damit ihr 27-j\u00e4hriges gemeinsames B\u00fchnenjubil\u00e4um.<\/p>\n\n\n\n<p>Das Konzert findet am Donnerstag, den 16. Januar statt und beginnt um 19:00 Uhr. Der Eintritt f\u00fcr dieses hochkar\u00e4tige Event betr\u00e4gt ausnahmsweise 20 \u20ac.<\/p>\n\n\n\n<p>Informationen zu den Musikern finden Sie im Folgenden:<\/p>\n\n\n\n<p>Abi Wallenstein \u2013 Hubert Hofherr Duo: \u201eGood Rocking Guitar meets Power Harmonica<\/p>\n\n\n\n<p>Seit mittlerweile 20 Jahren tourt das Duo der beiden Kult-Bluesmusiker: Abi Wallenstein, Gesang&amp;Gitarre, \u201elebende Legende des europ\u00e4ischen Blues\u201c, 2011 mit dem \u201eGerman Blues Award\u201c ausgezeichnet,\u00a0seine beiden letzten CDs mit dem \u201ePreis der deutschen Schallplattenkritik\u201c pr\u00e4miert \u2013 und Hubert Hofherr, Mundharmonika, geschult in langj\u00e4hrigen Touren in den USA mit amerikanischen Bluesgr\u00f6\u00dfen.\u00a0<br>Das Songmaterial \u00a0des Duos spiegelt die Geschichte dieses Genres wieder, vom erdigem Delta-Blues eines Son House \u00fcber Big-City-Blues eines Muddy Waters bis hin zu Rock&amp;Soul Interpretationen\u00a0von Jaegger\/Richards sowie Ray Charles und Prince Produktionen.<br>Das Duo Wallenstein- Hofherr verwirklicht damit die Idee des Blues, aus Vergangenem und aus Gegenw\u00e4rtigem zu sch\u00f6pfen,\u00a0unterschiedliche Musiktraditionen in einen aufregenden Austausch zu kombinieren, Seelenschmerz auf Lebenslust aufeinander prallen zu lassen.<\/p>\n\n\n\n<p><\/p>\n\n\n\n<figure class=\"wp-block-image size-full\"><img loading=\"lazy\" decoding=\"async\" width=\"789\" height=\"526\" src=\"https:\/\/www.foerderkreis-schloss-buchenau.de\/wp-content\/uploads\/2025\/01\/pressefoto-hofherrwallenstein.789.0.jpg\" alt=\"\" class=\"wp-image-1231\" srcset=\"https:\/\/www.foerderkreis-schloss-buchenau.de\/wp-content\/uploads\/2025\/01\/pressefoto-hofherrwallenstein.789.0.jpg 789w, https:\/\/www.foerderkreis-schloss-buchenau.de\/wp-content\/uploads\/2025\/01\/pressefoto-hofherrwallenstein.789.0-300x200.jpg 300w, https:\/\/www.foerderkreis-schloss-buchenau.de\/wp-content\/uploads\/2025\/01\/pressefoto-hofherrwallenstein.789.0-768x512.jpg 768w\" sizes=\"auto, (max-width: 706px) 89vw, (max-width: 767px) 82vw, 740px\" \/><\/figure>\n\n\n\n<p><\/p>\n","protected":false},"excerpt":{"rendered":"<p>Die Konzertsaison im Schloss beginnt in diesem Jahr bereits am 16. Januar. Und zwar wie im Vorjahr mit einem richtigen \u201eHammer\u201c: Abi Wallenstein, eine Legende des europ\u00e4ischen Blues, und der ph\u00e4nomenale Hubert Hofherr sind nach dem wunderbaren Konzert im Februar 2024, bei dem sie in einem bis zum letzten Platz gef\u00fcllten Saal die Besucher begeistert &hellip; <\/p>\n<p class=\"link-more\"><a href=\"https:\/\/www.foerderkreis-schloss-buchenau.de\/?p=1230\" class=\"more-link\"><span class=\"screen-reader-text\">\u201eAbi Wallenstein und Huber Hofherr er\u00f6ffnen das Veranstaltungsjahr 2025.\u201c <\/span>weiterlesen<\/a><\/p>\n","protected":false},"author":2,"featured_media":0,"comment_status":"closed","ping_status":"closed","sticky":false,"template":"","format":"standard","meta":{"footnotes":""},"categories":[1],"tags":[],"class_list":["post-1230","post","type-post","status-publish","format-standard","hentry","category-allgemein"],"_links":{"self":[{"href":"https:\/\/www.foerderkreis-schloss-buchenau.de\/index.php?rest_route=\/wp\/v2\/posts\/1230","targetHints":{"allow":["GET"]}}],"collection":[{"href":"https:\/\/www.foerderkreis-schloss-buchenau.de\/index.php?rest_route=\/wp\/v2\/posts"}],"about":[{"href":"https:\/\/www.foerderkreis-schloss-buchenau.de\/index.php?rest_route=\/wp\/v2\/types\/post"}],"author":[{"embeddable":true,"href":"https:\/\/www.foerderkreis-schloss-buchenau.de\/index.php?rest_route=\/wp\/v2\/users\/2"}],"replies":[{"embeddable":true,"href":"https:\/\/www.foerderkreis-schloss-buchenau.de\/index.php?rest_route=%2Fwp%2Fv2%2Fcomments&post=1230"}],"version-history":[{"count":1,"href":"https:\/\/www.foerderkreis-schloss-buchenau.de\/index.php?rest_route=\/wp\/v2\/posts\/1230\/revisions"}],"predecessor-version":[{"id":1232,"href":"https:\/\/www.foerderkreis-schloss-buchenau.de\/index.php?rest_route=\/wp\/v2\/posts\/1230\/revisions\/1232"}],"wp:attachment":[{"href":"https:\/\/www.foerderkreis-schloss-buchenau.de\/index.php?rest_route=%2Fwp%2Fv2%2Fmedia&parent=1230"}],"wp:term":[{"taxonomy":"category","embeddable":true,"href":"https:\/\/www.foerderkreis-schloss-buchenau.de\/index.php?rest_route=%2Fwp%2Fv2%2Fcategories&post=1230"},{"taxonomy":"post_tag","embeddable":true,"href":"https:\/\/www.foerderkreis-schloss-buchenau.de\/index.php?rest_route=%2Fwp%2Fv2%2Ftags&post=1230"}],"curies":[{"name":"wp","href":"https:\/\/api.w.org\/{rel}","templated":true}]}}