{"id":1242,"date":"2025-04-07T20:00:05","date_gmt":"2025-04-07T18:00:05","guid":{"rendered":"https:\/\/www.foerderkreis-schloss-buchenau.de\/?p=1242"},"modified":"2025-04-07T20:00:05","modified_gmt":"2025-04-07T18:00:05","slug":"die-sieben-letzten-worte-unseres-erloesers-am-kreuze-hob-xx-2-von-josef-haydn-eine-wunderbare-hinleitung-zur-karwoche","status":"publish","type":"post","link":"https:\/\/www.foerderkreis-schloss-buchenau.de\/?p=1242","title":{"rendered":"\u201eDie sieben letzten Worte unseres Erl\u00f6sers am Kreuze\u201c, (Hob.XX\/2) von Josef Haydn. Eine wunderbare Hinleitung zur Karwoche."},"content":{"rendered":"\n<p>Am kommenden Freitag, den 11. April k\u00f6nnen wir Ihnen ein ganz besonderes Musikerlebnis anbieten:<\/p>\n\n\n\n<p>\u201eDie sieben letzten Worte unseres Erl\u00f6sers am Kreuze\u201c, (Hob.XX\/2) von Josef Haydn mit Texten von Angelus Silesius in einer Fassung f\u00fcr Violine und Klavier.<\/p>\n\n\n\n<p>Es spielt das Duo connessione: Carina Kaltenbach \u2013 Schonhardt, Violine; Tomas Spurny, Klavier.<\/p>\n\n\n\n<p>Lesen wird Hans Welsch.<\/p>\n\n\n\n<p>Es ist wahrlich g\u00f6ttliche, spirituelle Musik, eine wunderbare Hinleitung zur bevorstehenden Karwoche.<\/p>\n\n\n\n<p>Unten finden Sie ausf\u00fchrliche Hinweise zu Musik und Text sowie zu den Musikern.<\/p>\n\n\n\n<p>Beginn ist um 19:00 Uhr, der Eintritt betr\u00e4gt 15 \u20ac.<\/p>\n\n\n\n<p><\/p>\n\n\n\n<p><\/p>\n\n\n\n<p><strong>Joseph Haydn: \u201eDie sieben letzten Worte unseres Erl\u00f6sers am Kreuze\u201c, (Hob.XX\/2). Mit Texten von Angelus Silesius. Die Fassung f\u00fcr Violine und Klavier<\/strong><\/p>\n\n\n\n<p><strong>Duo connessione: Carina Kaltenbach \u2013 Schonhardt, Violine; Tomas Spurny, Klavier<\/strong><\/p>\n\n\n\n<p><strong>Lesungen Hans Welsch<\/strong><\/p>\n\n\n\n<p>&nbsp;&nbsp;&nbsp;&nbsp;&nbsp;&nbsp;&nbsp;&nbsp;&nbsp;&nbsp;&nbsp;&nbsp;Am Freitag den 11.04. 2025 findet im Schloss Buchenau um 19 Uhr ein Konzert, eine musikalische Passionsandacht mit dem deutsch-b\u00f6hmischen Kammermusikduo \u201eduo connessione\u201c Carina Kaltenbach-Schonhardt, historische Violine und Tomas Spurny, Klavier. Auf dem Programm steht das Werk \u201eDie sieben letzten Worte unseres Erl\u00f6sers am Kreuze\u201c von Joseph Haydn.<\/p>\n\n\n\n<p><strong>Joseph Haydn<\/strong>&nbsp;hatte den Zyklus 1786 als reines Orchesterwerk komponiert. Der Auftrag war aus Spanien gekommen, von einem Domherrn aus C\u00e1diz, der bei dem seinerzeit ber\u00fchmtesten Sinfoniker Europas eine Meditationsmusik f\u00fcr die Passions-Exerzitien in der Kapelle Santa Cueva bestellt hatte. Die einzelnen S\u00e4tze sollten gleichsam als Kommentare der von der Kanzel verlesenen Bibelworte dienen. F\u00fcr diesen Zweck hatte Haydn eine Folge von beinahe ausschlie\u00dflich langsamen S\u00e4tzen geliefert. \u201eDie Aufgabe\u201c, so Haydn sp\u00e4ter, \u201esieben Adagio\u00b4s, wovon jedes gegen zehn Minuten dauern sollte, aufeinander folgen zu lassen, ohne den Zuh\u00f6rer zu erm\u00fcden, war keine von den leichtesten.\u201c So entstand eine der au\u00dfergew\u00f6hnlichsten Instrumentalkompositionen des gesamten 18. Jahrhunderts, und sie entwickelte sich sehr bald zu einem von Haydn bekanntesten Werken (Druckausgaben in London, Paris, Wien). Es folgten von Haydn die Bearbeitungen f\u00fcr Streichquartett, f\u00fcr Hammerfl\u00fcgel und schlie\u00dflich eine Fassung f\u00fcr Orchester, Soli und Chor. Mit der Entwicklung des Klavierinstrumentes folgten bald weitere Klavierbearbeitungen von Carl Czerny gegen 1800 und Louis K\u00f6hler. Beide Bearbeiter f\u00fchlten, dass die Klavierfassung von Haydn den Instrumenten seiner Zeit entspricht, aber nicht der wachsenden Nachfrage nach dem gr\u00f6\u00dferen Klang. Es ist reiner Zufall, dass es keine anderen zeitgen\u00f6ssischen Bearbeitungen gibt. Die Musik des Werkes ist so multiinstrumental und tiefst ausdrucksvoll, dass sie sich auch f\u00fcr andere Instrumentalbesetzungen gut bearbeiten l\u00e4sst. Unsere Bearbeitung reflektiert die Entwicklung der Violinsonaten im 18. Jahrhundert (Haydn, Mozart, Beethoven etc.) und basiert auf dem eingehenden Studium aller Fassungen und aller Notenquellen aus der Haydns Zeit.<\/p>\n\n\n\n<p><strong>Angelus Silesius<\/strong>&nbsp;&#8211; eigentlich Johannes Scheffer \u2013 (1624 \u2013 1677), ein deutscher Lyriker, Theologe und Arzt. Seine tiefreligi\u00f6sen, der Mystik nahestehenden Epigramme werden zu den bedeutendsten lyrischen Werken der Barockliteratur gez\u00e4hlt.<\/p>\n\n\n\n<p>Das&nbsp;&nbsp;&nbsp;&nbsp;deutsch&nbsp;&nbsp;&nbsp;&#8211;&nbsp;&nbsp;&nbsp;b\u00f6hmische&nbsp;&nbsp;&nbsp;&nbsp;Kammermusikduo&nbsp;<strong>\u201eduo-connessione\u201c<\/strong>&nbsp;entstand nach dem ersten Konzert am 4.12. 2019, nach dem die beiden Solisten schon seit 2016 musikalisch zusammen gearbeitet haben. Das Duo konzentriert sich auf die Musik des 18. und 19. Jahrhunderts. Au\u00dfer den ber\u00fchmten klassischen und romantischen europ\u00e4ischen Komponisten widmet es sich der Wiederentdeckung der vergessenen Komponisten der Klassik und Romantik, sowohl bei Konzerten, als auch bei CD-Editionen. Besondere Aufmerksamkeit widmet das Duo der b\u00f6hmischen und deutschen Musik. Die Konzerte und CD-Aufnahmen werden realisiert auf modernen, so wie auf historischen Musikinstrumenten. Neben der gro\u00dfen Werke der klassischen Musik bietet das Duo zu besonderen Anl\u00e4ssen auch Salonmusik des 19. Jahrhunderts und Unterhaltungsmusik anderer Genres, wie z.B. Klezmer, Tango, Ragtime, Foxtrott, Blues und Irish Folk.<\/p>\n\n\n\n<p><strong>Carina Kaltenbach-Schonhardt<\/strong>&nbsp;stammt aus dem Schwarzwald (Simonswald). Ihre musikalische Ausbildung erhielt sie zun\u00e4chst bei Antonio Pellegrini in Emmendingen. Nach dem Abitur folgte ein Violinstudium an der&nbsp;&nbsp;Musikhochschule Karlsruhe bei Nachum Erlich , sp\u00e4ter bei Ulf Hoelscher, welches sie mit dem Konzertexamen abschloss.&nbsp;&nbsp;Als Stipendiatin&nbsp;&nbsp;&nbsp;erweiterte sie ihre Studien in Wien bei Yair Kless und Rainer K\u00fcchl. Ihre Ausbildung erg\u00e4nzte sie, auch in kammermusikalischer Hinsicht, durch die Teilnahme an Meisterkursen f\u00fcr Neue und Alte Musik u.a. bei der Ensemble-Akademie des Freiburger Barockorchesters. So entdeckte sie ihre Begeisterung f\u00fcr die Barockvioline und den Klang der Darmsaiten. Sie spielte in den Orchestern des Nationaltheaters Mannheim, der Philharmonie Baden-Baden, der Internationalen Bachakademie Stuttgart und des Karlsruher Barockorchesters. Sie konzertiert in verschiedenen kammermusikalischen Besetzungen und unterrichtet als freischaffende Musikerin in Waldkirch.<\/p>\n\n\n\n<p>Der Pianist und Musikwissenschaftler&nbsp;<strong>Tom\u00e1\u0161 Spurn\u00fd<\/strong>&nbsp;wurde in Strakonice geboren und stammt aus einer Musikerfamilie. Er studierte Klavier am Konservatorium in Prag bei Prof. Franti\u0161ek Mal\u00fd und Musikwissenschaften an der Karlsuniversit\u00e4t. Seine pianistische und musikalische Ausbildung vertiefte er in einem Studium f\u00fcr Liedbegleitung (Prof. Peter Nelson). Anschlie\u00dfend absolvierte er ein Studium f\u00fcr Alte Musik (Fach Fortepiano, Prof. Wolfgang Brunner) an der Staatlichen Hochschule f\u00fcr Musik Trossingen. Seit 1999 bis 2005 war Tomas Spurny auch als Lehrer f\u00fcr das Fach Klavier an mehreren Musikschulen in der Tschechischen Republik. Zur gleichen Zeit wirkte er als Korrepetitor bei einigen musikalischen Meisterkursen in der Tschechischen Republik und im Ausland (&#8222;Rencontres Musicales Internationales d\u00b4Enghien&#8220; in Belgien, \u201eJugend musiziert\u201c in Luxemburg usw). Als Liedbegleiter trat er bei verschiedenen Festivals und Konzerten in der Tschechischen Republik (Prag), Deutschland (M\u00fcnchen, Regensburg, Dresden) und Gro\u00dfbritanien (Musikfestival in Edinburgh) auf. Er machte mit einigen S\u00e4ngern Aufnahmen im Tschechischen Rundfunk Prag und CD-Aufnahmen. Seit 2005 lebt er freischaffend in Denzlingen bei Freiburg. Seit 2015 leitet beteiligt sich Tomas Spurny aktiv auch an den F\u00fchrungen durch die Sammlung der historischen Tasteninstrumente (Sammlung Neumeyer &#8211; Junghanns \u2013Tracey) im Schloss in Bad Krozingen. Seit 2016 arbeitet er k\u00fcnstlerisch mit der Geigerin Carina Kaltenbach \u2013 Schonhardt als Kammermusikduo zusammen.<\/p>\n","protected":false},"excerpt":{"rendered":"<p>Am kommenden Freitag, den 11. April k\u00f6nnen wir Ihnen ein ganz besonderes Musikerlebnis anbieten: \u201eDie sieben letzten Worte unseres Erl\u00f6sers am Kreuze\u201c, (Hob.XX\/2) von Josef Haydn mit Texten von Angelus Silesius in einer Fassung f\u00fcr Violine und Klavier. Es spielt das Duo connessione: Carina Kaltenbach \u2013 Schonhardt, Violine; Tomas Spurny, Klavier. Lesen wird Hans Welsch. &hellip; <\/p>\n<p class=\"link-more\"><a href=\"https:\/\/www.foerderkreis-schloss-buchenau.de\/?p=1242\" class=\"more-link\"><span class=\"screen-reader-text\">\u201e\u201eDie sieben letzten Worte unseres Erl\u00f6sers am Kreuze\u201c, (Hob.XX\/2) von Josef Haydn. Eine wunderbare Hinleitung zur Karwoche.\u201c <\/span>weiterlesen<\/a><\/p>\n","protected":false},"author":2,"featured_media":0,"comment_status":"closed","ping_status":"closed","sticky":false,"template":"","format":"standard","meta":{"footnotes":""},"categories":[1],"tags":[],"class_list":["post-1242","post","type-post","status-publish","format-standard","hentry","category-allgemein"],"_links":{"self":[{"href":"https:\/\/www.foerderkreis-schloss-buchenau.de\/index.php?rest_route=\/wp\/v2\/posts\/1242","targetHints":{"allow":["GET"]}}],"collection":[{"href":"https:\/\/www.foerderkreis-schloss-buchenau.de\/index.php?rest_route=\/wp\/v2\/posts"}],"about":[{"href":"https:\/\/www.foerderkreis-schloss-buchenau.de\/index.php?rest_route=\/wp\/v2\/types\/post"}],"author":[{"embeddable":true,"href":"https:\/\/www.foerderkreis-schloss-buchenau.de\/index.php?rest_route=\/wp\/v2\/users\/2"}],"replies":[{"embeddable":true,"href":"https:\/\/www.foerderkreis-schloss-buchenau.de\/index.php?rest_route=%2Fwp%2Fv2%2Fcomments&post=1242"}],"version-history":[{"count":1,"href":"https:\/\/www.foerderkreis-schloss-buchenau.de\/index.php?rest_route=\/wp\/v2\/posts\/1242\/revisions"}],"predecessor-version":[{"id":1243,"href":"https:\/\/www.foerderkreis-schloss-buchenau.de\/index.php?rest_route=\/wp\/v2\/posts\/1242\/revisions\/1243"}],"wp:attachment":[{"href":"https:\/\/www.foerderkreis-schloss-buchenau.de\/index.php?rest_route=%2Fwp%2Fv2%2Fmedia&parent=1242"}],"wp:term":[{"taxonomy":"category","embeddable":true,"href":"https:\/\/www.foerderkreis-schloss-buchenau.de\/index.php?rest_route=%2Fwp%2Fv2%2Fcategories&post=1242"},{"taxonomy":"post_tag","embeddable":true,"href":"https:\/\/www.foerderkreis-schloss-buchenau.de\/index.php?rest_route=%2Fwp%2Fv2%2Ftags&post=1242"}],"curies":[{"name":"wp","href":"https:\/\/api.w.org\/{rel}","templated":true}]}}