{"id":1258,"date":"2025-05-08T12:58:29","date_gmt":"2025-05-08T10:58:29","guid":{"rendered":"https:\/\/www.foerderkreis-schloss-buchenau.de\/?p=1258"},"modified":"2025-05-08T12:58:29","modified_gmt":"2025-05-08T10:58:29","slug":"muttertag-im-schloss-matinee-mit-dem-duo-leggiero-und-roland-pongratz-kaffee-und-kuchen-im-kulturcafe-und-glasausstellung-im-palmenhaus","status":"publish","type":"post","link":"https:\/\/www.foerderkreis-schloss-buchenau.de\/?p=1258","title":{"rendered":"Muttertag im Schloss: Matinee mit dem Duo Leggiero und Roland Pongratz, Kaffee und Kuchen im Kult(ur)caf\u00e9 und Glasausstellung im Palmenhaus."},"content":{"rendered":"\n<p>Am Sonntag, den 11. Mai um 10:30 Uhr gestaltet das Duo Leggiero, Sonja Petersamer und Ilona Koppitz, eine Muttertagsmatinee. Nicht zum ersten Mal: Der Auftritt der beiden an diesem besonderen Tag ist im Schloss schon zur Tradition geworden. Heuer gesellt sich Roland Pongratz zu den Musikerinnen. Eine Pers\u00f6nlichkeit, \u00fcber die man keine Worte mehr verlieren muss. Er ist als Musiker und Kulturmanager weit \u00fcber die Grenzen Niederbayerns hinaus bekannt. Es erwartet Sie Volksmusik in ihrer sch\u00f6nsten Form. \u00dcber dieses Trio finden Sie unten mehr.<\/p>\n\n\n\n<p>Im Anschluss an das Konzert hat ab 12 Uhr unser Kult(ur)caf\u00e9 ge\u00f6ffnet: feine Kuchen und Torten, freundliche Menschen und Kaffee von der Zwieseler R\u00f6sterei Kirmse.                             Ab 13 Uhr ist dann auch die Kunstausstellung \u201eFacetten\u201c des glasspool e.V. im Palmenhaus ge\u00f6ffnet, die schon bei der Vernissage f\u00fcr Furore gesorgt hat.                                                              Der Tag bietet somit Kulturgenuss f\u00fcr alle Sinne.  <\/p>\n\n\n\n<p><\/p>\n\n\n\n<p><\/p>\n\n\n\n<p>Das \u201eDuo Leggi\u00e8ro\u201c mit zwei Musiklehrerinnen aus der Region garantieren Ohrenschmaus zum Festtag mit Zither, Gitarre, Hackbrett, mit St\u00fccken von Johann Petzmayer, Klaus Karl, Adam Darr, u.a. Als Veranstaltungsort d\u00fcrfte das altehrw\u00fcrdige Schloss Buchenau mit seinem exzellenten Ambiente bestens geeignet sein.\u00a0<\/p>\n\n\n\n<p>Ilona Koppitz, geboren 1978, aufgewachsen in K\u00f6tzting, studierte am Richard-Strauss-Konservatorium M\u00fcnchen die F\u00e4cher Zither (bei Georg Glasl), Hackbrett (bei Birgit Stolzenburg de Biasio) und Volksmusik. Dem Abschluss als staatlich gepr\u00fcfte Musiklehrerin folgte ein Aufbaustudium im Fach Zither, das sie 2002 abschloss. Im Sommer 2004 beendete sie schlie\u00dflich ihr Studium am Konservatorium endg\u00fcltig mit den erfolgreich abgelegten Diplompr\u00fcfungen im Haupt-fach Volksmusik (Hauptinstrument: Zither). Weiter studierte die geborene K\u00f6tztingerin die F\u00e4cher Musik (Hauptinstrument: Violine) und Mathematik f\u00fcr das Lehramt an Realschulen. Sie lebt mittlerweile in Zwiesel und ist an der Realschule Regen als Lehrkraft t\u00e4tig.<\/p>\n\n\n\n<p>Sonja Petersamer aus Patersdorf, geboren 1970, wohnhaft in Patersdorf, studierte ebenfalls am Richard-Strauss-Konservatorium in M\u00fcnchen. Sie belegte dort als Hauptfachinstrument Zither beim Dozenten Georg Glasl. Nach ihrem Abschluss als staatlich gepr\u00fcfte Musiklehrerin absolvierte sie 1998 die Pr\u00fcfungen zur \u201eMusikreife Zither\u201c und rundete 2002 ihre musikalische Ausbildung mit dem Diplom im Hauptfach Volksmusik (Haupt-instrument: Zither) ab. Sie ist momentan am Gymnasium Viechtach als Musiklehrerin t\u00e4tig und Referentin beim Projekt \u201eVolksmusik macht Schule\u201c der Volksmusikakademie Freyung.<\/p>\n\n\n\n<p>Die beiden Musikerinnen bilden zusammen das \u201eDuo Leggi\u00e8ro\u201c. Sie treten mit ihren verschiedenen Instrumenten in verschiedenen Duokombinationen auf und decken mit ihrem Repertoire alte und zeitgen\u00f6ssische Musik ebenso ab, wie auch echte Volksmusik und moderne Unterhaltungsmusik. Nat\u00fcrlich kommen in ihren Programmen auch St\u00fccke aus dem Bereich der Folklore und typische Zitherklassiker nicht zu kurz. Das \u201eDuo Leggi\u00e8ro\u201c erweist sich dabei als vielseitig und vielsaitig!<\/p>\n\n\n\n<p>Erg\u00e4nzt wird das Duo in diesem Jahr durch Roland Pongratz aus Patersdorf, geboren und arbeitend in Regen. Musikalischer Leiter der Volksmusikakademie in Freyung, Organisator vom \u201edrumherum-Das Volksmusikspektakel in Regen\u201c. Musikalisch unterwegs vom Solisten bis zur Blaskapelle. Mitglied der bekannten Gruppe \u201e\u00c4ff-tam-tam-Musikanten\u201c, Ausstellungsmacher, ein Tausendsassa in allen Gebieten.<\/p>\n\n\n\n<p>Sonja Petersamer, Roland Pongratz und Ilona Koppitz spielen mit ihren verschiedenen Instrumenten aber auch in anderen Ensembles und treten auch solistisch auf. Weiter sind sie bei vielen (Volksmusik-) Seminaren in Bayern als ReferentInnen t\u00e4tig.<\/p>\n","protected":false},"excerpt":{"rendered":"<p>Am Sonntag, den 11. Mai um 10:30 Uhr gestaltet das Duo Leggiero, Sonja Petersamer und Ilona Koppitz, eine Muttertagsmatinee. Nicht zum ersten Mal: Der Auftritt der beiden an diesem besonderen Tag ist im Schloss schon zur Tradition geworden. Heuer gesellt sich Roland Pongratz zu den Musikerinnen. Eine Pers\u00f6nlichkeit, \u00fcber die man keine Worte mehr verlieren &hellip; <\/p>\n<p class=\"link-more\"><a href=\"https:\/\/www.foerderkreis-schloss-buchenau.de\/?p=1258\" class=\"more-link\"><span class=\"screen-reader-text\">\u201eMuttertag im Schloss: Matinee mit dem Duo Leggiero und Roland Pongratz, Kaffee und Kuchen im Kult(ur)caf\u00e9 und Glasausstellung im Palmenhaus.\u201c <\/span>weiterlesen<\/a><\/p>\n","protected":false},"author":2,"featured_media":0,"comment_status":"closed","ping_status":"closed","sticky":false,"template":"","format":"standard","meta":{"footnotes":""},"categories":[1],"tags":[],"class_list":["post-1258","post","type-post","status-publish","format-standard","hentry","category-allgemein"],"_links":{"self":[{"href":"https:\/\/www.foerderkreis-schloss-buchenau.de\/index.php?rest_route=\/wp\/v2\/posts\/1258","targetHints":{"allow":["GET"]}}],"collection":[{"href":"https:\/\/www.foerderkreis-schloss-buchenau.de\/index.php?rest_route=\/wp\/v2\/posts"}],"about":[{"href":"https:\/\/www.foerderkreis-schloss-buchenau.de\/index.php?rest_route=\/wp\/v2\/types\/post"}],"author":[{"embeddable":true,"href":"https:\/\/www.foerderkreis-schloss-buchenau.de\/index.php?rest_route=\/wp\/v2\/users\/2"}],"replies":[{"embeddable":true,"href":"https:\/\/www.foerderkreis-schloss-buchenau.de\/index.php?rest_route=%2Fwp%2Fv2%2Fcomments&post=1258"}],"version-history":[{"count":1,"href":"https:\/\/www.foerderkreis-schloss-buchenau.de\/index.php?rest_route=\/wp\/v2\/posts\/1258\/revisions"}],"predecessor-version":[{"id":1259,"href":"https:\/\/www.foerderkreis-schloss-buchenau.de\/index.php?rest_route=\/wp\/v2\/posts\/1258\/revisions\/1259"}],"wp:attachment":[{"href":"https:\/\/www.foerderkreis-schloss-buchenau.de\/index.php?rest_route=%2Fwp%2Fv2%2Fmedia&parent=1258"}],"wp:term":[{"taxonomy":"category","embeddable":true,"href":"https:\/\/www.foerderkreis-schloss-buchenau.de\/index.php?rest_route=%2Fwp%2Fv2%2Fcategories&post=1258"},{"taxonomy":"post_tag","embeddable":true,"href":"https:\/\/www.foerderkreis-schloss-buchenau.de\/index.php?rest_route=%2Fwp%2Fv2%2Ftags&post=1258"}],"curies":[{"name":"wp","href":"https:\/\/api.w.org\/{rel}","templated":true}]}}