{"id":1263,"date":"2025-05-14T19:52:47","date_gmt":"2025-05-14T17:52:47","guid":{"rendered":"https:\/\/www.foerderkreis-schloss-buchenau.de\/?p=1263"},"modified":"2025-05-14T19:55:42","modified_gmt":"2025-05-14T17:55:42","slug":"sternenklang-ueber-dem-atlantik-oliver-jaeger-spielt-musik-zwischen-folklore-und-klassik","status":"publish","type":"post","link":"https:\/\/www.foerderkreis-schloss-buchenau.de\/?p=1263","title":{"rendered":"Sternenklang \u00fcber dem Atlantik. Oliver J\u00e4ger spielt Musik zwischen Folklore und Klassik."},"content":{"rendered":"\n<p>Am kommenden Freitag tritt mit Oliver J\u00e4ger ein Musiker mit einem sehr spannenden Program bei uns auf.<\/p>\n\n\n\n<p>An der klassischen Gitarre ausgebildet, f\u00fchrt er die Zuh\u00f6rer mit seinen Eigenkompositionen in Klangwelten, die sich zwischen Folklore und klassischer Musik bewegen, \u00fcber Spanien und Portugal nach S\u00fcdamerika.&nbsp;<\/p>\n\n\n\n<p>Neben der Gitarre bespielt er ein zweites Instrument, die Symphonetta, die Ihnen wahrscheinlich genauso unbekannt ist wie mir.  Lassen Sie sich \u00fcberraschen.<\/p>\n\n\n\n<p>Das Konzert findet am Freitag, den 16. Mai um 19 Uhr statt, der Eintritt kostet 15 \u20ac.<\/p>\n\n\n\n<p>Unten finden Sie genauere Informationen zum K\u00fcnstler und zu seiner Musik.<\/p>\n\n\n\n<p><\/p>\n\n\n\n<p><\/p>\n\n\n\n<p>Oliver Jaeger f\u00fchrt musikalisch durch Spanien und Portugal nach Lateinamerika inspiriert von Flamenco, Fado, Tango und klassischer Musik. Dies klingt wie ein Bild von D\u00fcnen, wei\u00dfen D\u00f6rfern, Olivenhainen, bizarren Felsen, erweckt den Duft von Zitrusfrucht und Lavendel, sowie die Erinnerung an milde und sternenklare Sommern\u00e4chte am Meer.<\/p>\n\n\n\n<p>In seinem Programm \u201eSternenklang \u00fcber dem Atlantik\u201c&nbsp;&nbsp;spielt er neben spanischer Gitarre die \u2013 im wahrsten Sinne des Wortes &#8211; einzigartige Symphonetta. Dieses akkordeon\u00e4hnliche Instrument war noch bis in die 1930 Jahre&nbsp;popul\u00e4r, ist jedoch in Vergessenheit geraten.&nbsp;Als Solist auf beiden Instrumenten vereint er verschiedene Musikstile voller Freude und Leidenschaft zu einer spannenden und abwechslungsreichen Darbietung.<\/p>\n\n\n\n<p>Spanische Musik und Rockmusik begeisterten Oliver Jaeger als Jugendlichen f\u00fcr die Gitarre. Ausgebildet an der klassischen Gitarre bei J\u00fcrgen Klatt (Frankfurt\/Main), war er zuerst Mitglied im Deutschen Gitarrenensemble. Danach vertiefte er sich in das Spiel der Flamenco-Gitarre bei Guido Duclos und Rainer Dehn (&#8222;Flamenco-Rubio&#8220;). Seit den 90-Jahren tritt er in verschiedenen Crossover-Projekten auf, z.B. \u201eMbenta Kanna\u201c.\u00a0Bekannt ist er durch sein \u201eDuo Fado Instrumental\u201c.\u00a0\u00a02011 beginnt er mit einem Soloprogramm auf Gitarre. Ab 2016 setzte er auch die Symphonetta ein, ein Balginstrument, das vom Klang an ein Akkordeon erinnert.<\/p>\n","protected":false},"excerpt":{"rendered":"<p>Am kommenden Freitag tritt mit Oliver J\u00e4ger ein Musiker mit einem sehr spannenden Program bei uns auf. An der klassischen Gitarre ausgebildet, f\u00fchrt er die Zuh\u00f6rer mit seinen Eigenkompositionen in Klangwelten, die sich zwischen Folklore und klassischer Musik bewegen, \u00fcber Spanien und Portugal nach S\u00fcdamerika.&nbsp; Neben der Gitarre bespielt er ein zweites Instrument, die Symphonetta, &hellip; <\/p>\n<p class=\"link-more\"><a href=\"https:\/\/www.foerderkreis-schloss-buchenau.de\/?p=1263\" class=\"more-link\"><span class=\"screen-reader-text\">\u201eSternenklang \u00fcber dem Atlantik. Oliver J\u00e4ger spielt Musik zwischen Folklore und Klassik.\u201c <\/span>weiterlesen<\/a><\/p>\n","protected":false},"author":2,"featured_media":0,"comment_status":"closed","ping_status":"closed","sticky":false,"template":"","format":"standard","meta":{"footnotes":""},"categories":[1],"tags":[],"class_list":["post-1263","post","type-post","status-publish","format-standard","hentry","category-allgemein"],"_links":{"self":[{"href":"https:\/\/www.foerderkreis-schloss-buchenau.de\/index.php?rest_route=\/wp\/v2\/posts\/1263","targetHints":{"allow":["GET"]}}],"collection":[{"href":"https:\/\/www.foerderkreis-schloss-buchenau.de\/index.php?rest_route=\/wp\/v2\/posts"}],"about":[{"href":"https:\/\/www.foerderkreis-schloss-buchenau.de\/index.php?rest_route=\/wp\/v2\/types\/post"}],"author":[{"embeddable":true,"href":"https:\/\/www.foerderkreis-schloss-buchenau.de\/index.php?rest_route=\/wp\/v2\/users\/2"}],"replies":[{"embeddable":true,"href":"https:\/\/www.foerderkreis-schloss-buchenau.de\/index.php?rest_route=%2Fwp%2Fv2%2Fcomments&post=1263"}],"version-history":[{"count":3,"href":"https:\/\/www.foerderkreis-schloss-buchenau.de\/index.php?rest_route=\/wp\/v2\/posts\/1263\/revisions"}],"predecessor-version":[{"id":1266,"href":"https:\/\/www.foerderkreis-schloss-buchenau.de\/index.php?rest_route=\/wp\/v2\/posts\/1263\/revisions\/1266"}],"wp:attachment":[{"href":"https:\/\/www.foerderkreis-schloss-buchenau.de\/index.php?rest_route=%2Fwp%2Fv2%2Fmedia&parent=1263"}],"wp:term":[{"taxonomy":"category","embeddable":true,"href":"https:\/\/www.foerderkreis-schloss-buchenau.de\/index.php?rest_route=%2Fwp%2Fv2%2Fcategories&post=1263"},{"taxonomy":"post_tag","embeddable":true,"href":"https:\/\/www.foerderkreis-schloss-buchenau.de\/index.php?rest_route=%2Fwp%2Fv2%2Ftags&post=1263"}],"curies":[{"name":"wp","href":"https:\/\/api.w.org\/{rel}","templated":true}]}}