{"id":1269,"date":"2025-05-19T20:24:19","date_gmt":"2025-05-19T18:24:19","guid":{"rendered":"https:\/\/www.foerderkreis-schloss-buchenau.de\/?p=1269"},"modified":"2025-05-19T20:24:19","modified_gmt":"2025-05-19T18:24:19","slug":"salonmusik-mit-melange-a-trois","status":"publish","type":"post","link":"https:\/\/www.foerderkreis-schloss-buchenau.de\/?p=1269","title":{"rendered":"Salonmusik mit M\u00e9lange \u00e0 Trois."},"content":{"rendered":"\n<p><\/p>\n\n\n\n<p>Wir verf\u00fcgen im Schloss \u00fcber einen wundersch\u00f6nen Salon, auch wenn er nicht so bezeichnet wird. Saal hei\u00dft er traditionell, obwohl der Raum f\u00fcr diese Bezeichnung doch ein wenig klein ist. Der Name kommt aber von den Erbauern, die ihn so bezeichnet hatten, so dass auf dem alten Schl\u00fcsselanh\u00e4nger aus der Poschingerzeit eben &#8222;Saal&#8220; steht.<\/p>\n\n\n\n<p>Jetzt aber bringt M\u00e9lange \u00e0 Trois am kommenden Samstag erstmals echte Salonmusik in den Salon\/Saal, naja ins Schloss. Und wir freuen uns sehr auf dieses Konzert.<\/p>\n\n\n\n<p>Mehr \u00fcber das hochkar\u00e4tige Trio finden Sie unten.<\/p>\n\n\n\n<p>Das Konzert findet am Samstag, den 24. Mai um 19 Uhr statt (und nicht am Sonntag, wie ich in einem sp\u00e4tabendlichen M\u00fcdigkeitsanfall irrt\u00fcmlich aufs Plakat geschrieben habe).<\/p>\n\n\n\n<p><\/p>\n\n\n\n<p>Das Trio&nbsp;<em>\u201eM\u00e9lange \u00e0 Trois\u201c<\/em>, bestehend aus&nbsp;<strong>Julia Willeitner<\/strong>&nbsp;(Cello),&nbsp;<strong>Klaus Hoffmann<\/strong>&nbsp;(Klavier) und&nbsp;<strong>Armin Weinfurter<\/strong>&nbsp;(Violine) bietet eine aufregende Mischung aus Walzer, Tango und Chanson. Die Salonmusik des 19. Jahrhunderts, argentinische Tangos und \u00f6sterreichischer Humor &#8211; eine spannende Mischung, ebenso wie die drei unterschiedlichen Musikerpers\u00f6nlichkeiten eine spannende&nbsp;<em>Melange<\/em>ergeben.<\/p>\n\n\n\n<p>Salonmusik war stets ein gefragtes Genre. Wer einst etwas auf sich hielt in der vornehmen Welt, der hatte zu seinen Empf\u00e4ngen und Gesellschaftsabenden unverzichtbar eine Gruppe Musiker engagiert. So wurden die gesch\u00e4tzten G\u00e4ste nicht nur optisch und kulinarisch, sondern auch akustisch verw\u00f6hnt. Dass man sich bei allzu vieler S\u00fc\u00dfe nicht nur den Appetit, sondern auch die Stimmung verdirbt, d\u00fcrfte kein gro\u00dfes Geheimnis sein. So ist das Repertoire von&nbsp;<em>\u201eM\u00e9lange \u00e0 Trois\u201c<\/em>&nbsp;keineswegs ausschlie\u00dflich zum Entspannen und Tr\u00e4umen gedacht.<\/p>\n\n\n\n<p>Ihre St\u00fccke erz\u00e4hlen von Liebe und Sehnsucht, wilden Ausritten und Zirkusabenteuern. Mal dramatisch, mal zum Mitsingen, fast immer ein bisschen kitschig, die perfekte Mischung, eine&nbsp;<em>\u201eM\u00e9lange \u00e0 Trois\u201c<\/em>.<\/p>\n\n\n\n<p><strong>Julia Willeitner<\/strong>&nbsp;(Cello) \u2013 zu Hause in S\u00fcdamerikanischer Volksmusik (Duo CellAr) und Historischer Auff\u00fchrungspraxis (opia), seit 2020 Organisation des Bergfried Kulturfestivals Passau, optische Aufwertung des Trios.&nbsp;<\/p>\n\n\n\n<p><strong>Klaus Hoffmann<\/strong>&nbsp;(Klavier) \u2013 Schulmusiker in Ingolstadt, war \u00fcber Jahrzehnte musikalischer Motor der Familienmusik Hoffmann, bekannt aus Funk und Fernsehen, nun Dirigent des Ingolst\u00e4dter Kammerorchesters, optisch eher neutral.<\/p>\n\n\n\n<p><strong>Armin Weinfurter<\/strong>&nbsp;(Violine) &#8211; \u00fcberzeugter Musikp\u00e4dagoge am Gymnasium Zwiesel, Mitglied bei \u201e\u00c4ff-tam-tam\u201c, Schulbuchautor, leidenschaftlicher T\u00e4nzer, Geigenfanatiker, optische Aufwertung des Trios.&nbsp;<\/p>\n\n\n\n<p><\/p>\n","protected":false},"excerpt":{"rendered":"<p>Wir verf\u00fcgen im Schloss \u00fcber einen wundersch\u00f6nen Salon, auch wenn er nicht so bezeichnet wird. Saal hei\u00dft er traditionell, obwohl der Raum f\u00fcr diese Bezeichnung doch ein wenig klein ist. Der Name kommt aber von den Erbauern, die ihn so bezeichnet hatten, so dass auf dem alten Schl\u00fcsselanh\u00e4nger aus der Poschingerzeit eben &#8222;Saal&#8220; steht. Jetzt &hellip; <\/p>\n<p class=\"link-more\"><a href=\"https:\/\/www.foerderkreis-schloss-buchenau.de\/?p=1269\" class=\"more-link\"><span class=\"screen-reader-text\">\u201eSalonmusik mit M\u00e9lange \u00e0 Trois.\u201c <\/span>weiterlesen<\/a><\/p>\n","protected":false},"author":2,"featured_media":0,"comment_status":"closed","ping_status":"closed","sticky":false,"template":"","format":"standard","meta":{"footnotes":""},"categories":[1],"tags":[],"class_list":["post-1269","post","type-post","status-publish","format-standard","hentry","category-allgemein"],"_links":{"self":[{"href":"https:\/\/www.foerderkreis-schloss-buchenau.de\/index.php?rest_route=\/wp\/v2\/posts\/1269","targetHints":{"allow":["GET"]}}],"collection":[{"href":"https:\/\/www.foerderkreis-schloss-buchenau.de\/index.php?rest_route=\/wp\/v2\/posts"}],"about":[{"href":"https:\/\/www.foerderkreis-schloss-buchenau.de\/index.php?rest_route=\/wp\/v2\/types\/post"}],"author":[{"embeddable":true,"href":"https:\/\/www.foerderkreis-schloss-buchenau.de\/index.php?rest_route=\/wp\/v2\/users\/2"}],"replies":[{"embeddable":true,"href":"https:\/\/www.foerderkreis-schloss-buchenau.de\/index.php?rest_route=%2Fwp%2Fv2%2Fcomments&post=1269"}],"version-history":[{"count":1,"href":"https:\/\/www.foerderkreis-schloss-buchenau.de\/index.php?rest_route=\/wp\/v2\/posts\/1269\/revisions"}],"predecessor-version":[{"id":1270,"href":"https:\/\/www.foerderkreis-schloss-buchenau.de\/index.php?rest_route=\/wp\/v2\/posts\/1269\/revisions\/1270"}],"wp:attachment":[{"href":"https:\/\/www.foerderkreis-schloss-buchenau.de\/index.php?rest_route=%2Fwp%2Fv2%2Fmedia&parent=1269"}],"wp:term":[{"taxonomy":"category","embeddable":true,"href":"https:\/\/www.foerderkreis-schloss-buchenau.de\/index.php?rest_route=%2Fwp%2Fv2%2Fcategories&post=1269"},{"taxonomy":"post_tag","embeddable":true,"href":"https:\/\/www.foerderkreis-schloss-buchenau.de\/index.php?rest_route=%2Fwp%2Fv2%2Ftags&post=1269"}],"curies":[{"name":"wp","href":"https:\/\/api.w.org\/{rel}","templated":true}]}}