{"id":1272,"date":"2025-05-26T18:57:31","date_gmt":"2025-05-26T16:57:31","guid":{"rendered":"https:\/\/www.foerderkreis-schloss-buchenau.de\/?p=1272"},"modified":"2025-05-26T18:57:31","modified_gmt":"2025-05-26T16:57:31","slug":"kunst-und-genuss-am-wochenende-haben-unser-kultur-cafe-und-die-glasausstellung-im-palmenhaus-geoeffnet","status":"publish","type":"post","link":"https:\/\/www.foerderkreis-schloss-buchenau.de\/?p=1272","title":{"rendered":"Kunst und Genuss. Am Wochenende haben unser Kult(ur)-caf\u00e9 und die Glasausstellung im Palmenhaus ge\u00f6ffnet."},"content":{"rendered":"\n<p><\/p>\n\n\n\n<p>Am kommenden Wochenende, Samstag, 31. Mai und Sonntag, 1. Juni, jeweils von 14 bis 17 Uhr, haben unser Kult(ur)caf\u00e9 und die Glasausstellung im Palmenhaus wieder ge\u00f6ffnet.\u00a0<\/p>\n\n\n\n<p>Es scheint warm und sonnig zu werden, ideal um an diesem wundersch\u00f6nen Platz vor dem Kontorhaus mit Blick auf Schloss und Garten oder auch auf die Dorfstra\u00dfe und zum alten H\u00fcttenplatz, unter dem Walnussbaum zu sitzen, selbstgemachte Kuchen und Torten, Kaffee aus der R\u00f6sterei Kirmse, ein Gl\u00e4schen Wein, ein k\u00fchles Bier oder auch einen Aperitiv zu genie\u00dfen.<\/p>\n\n\n\n<p>Vor oder nach dem kulinarischen Genuss k\u00f6nnen Sie die wundersch\u00f6ne Ausstellung &#8222;Facetten&#8220; des &#8222;glasspool e.V. besichtigen und mit &nbsp;anwesenden K\u00fcnstlern \u00fcber die Objekte diskutieren. Das kommende Wochenende ist \u00fcbrigens die letzte Gelegenheit dazu,denn die Ausstellung endet am 1. Juni.&nbsp;<\/p>\n\n\n\n<p><\/p>\n","protected":false},"excerpt":{"rendered":"<p>Am kommenden Wochenende, Samstag, 31. Mai und Sonntag, 1. Juni, jeweils von 14 bis 17 Uhr, haben unser Kult(ur)caf\u00e9 und die Glasausstellung im Palmenhaus wieder ge\u00f6ffnet.\u00a0 Es scheint warm und sonnig zu werden, ideal um an diesem wundersch\u00f6nen Platz vor dem Kontorhaus mit Blick auf Schloss und Garten oder auch auf die Dorfstra\u00dfe und zum &hellip; <\/p>\n<p class=\"link-more\"><a href=\"https:\/\/www.foerderkreis-schloss-buchenau.de\/?p=1272\" class=\"more-link\"><span class=\"screen-reader-text\">\u201eKunst und Genuss. Am Wochenende haben unser Kult(ur)-caf\u00e9 und die Glasausstellung im Palmenhaus ge\u00f6ffnet.\u201c <\/span>weiterlesen<\/a><\/p>\n","protected":false},"author":2,"featured_media":0,"comment_status":"closed","ping_status":"closed","sticky":false,"template":"","format":"standard","meta":{"footnotes":""},"categories":[1],"tags":[],"class_list":["post-1272","post","type-post","status-publish","format-standard","hentry","category-allgemein"],"_links":{"self":[{"href":"https:\/\/www.foerderkreis-schloss-buchenau.de\/index.php?rest_route=\/wp\/v2\/posts\/1272","targetHints":{"allow":["GET"]}}],"collection":[{"href":"https:\/\/www.foerderkreis-schloss-buchenau.de\/index.php?rest_route=\/wp\/v2\/posts"}],"about":[{"href":"https:\/\/www.foerderkreis-schloss-buchenau.de\/index.php?rest_route=\/wp\/v2\/types\/post"}],"author":[{"embeddable":true,"href":"https:\/\/www.foerderkreis-schloss-buchenau.de\/index.php?rest_route=\/wp\/v2\/users\/2"}],"replies":[{"embeddable":true,"href":"https:\/\/www.foerderkreis-schloss-buchenau.de\/index.php?rest_route=%2Fwp%2Fv2%2Fcomments&post=1272"}],"version-history":[{"count":1,"href":"https:\/\/www.foerderkreis-schloss-buchenau.de\/index.php?rest_route=\/wp\/v2\/posts\/1272\/revisions"}],"predecessor-version":[{"id":1273,"href":"https:\/\/www.foerderkreis-schloss-buchenau.de\/index.php?rest_route=\/wp\/v2\/posts\/1272\/revisions\/1273"}],"wp:attachment":[{"href":"https:\/\/www.foerderkreis-schloss-buchenau.de\/index.php?rest_route=%2Fwp%2Fv2%2Fmedia&parent=1272"}],"wp:term":[{"taxonomy":"category","embeddable":true,"href":"https:\/\/www.foerderkreis-schloss-buchenau.de\/index.php?rest_route=%2Fwp%2Fv2%2Fcategories&post=1272"},{"taxonomy":"post_tag","embeddable":true,"href":"https:\/\/www.foerderkreis-schloss-buchenau.de\/index.php?rest_route=%2Fwp%2Fv2%2Ftags&post=1272"}],"curies":[{"name":"wp","href":"https:\/\/api.w.org\/{rel}","templated":true}]}}