{"id":1284,"date":"2025-05-29T22:33:52","date_gmt":"2025-05-29T20:33:52","guid":{"rendered":"https:\/\/www.foerderkreis-schloss-buchenau.de\/?p=1284"},"modified":"2025-05-29T22:33:52","modified_gmt":"2025-05-29T20:33:52","slug":"die-blues-lighters-eroeffnen-die-open-air-saison-in-schloss-buchenau","status":"publish","type":"post","link":"https:\/\/www.foerderkreis-schloss-buchenau.de\/?p=1284","title":{"rendered":"Die Blues Lighters er\u00f6ffnen die Open-Air-Saison in Schloss Buchenau."},"content":{"rendered":"\n<p>Am 6. Juni um 19 Uhr er\u00f6ffnen die Blues Lighters unsere Open-Air-Saison, die am 23. August mit einem  Konzert von Missing O Love wieder endet. Dazwischen k\u00f6nnen Sie Joe Baumgartner, Oliver Rajamani, das Hill Valley Orchestra, \u00c4ff-tam-tam und die Gruppe Slalom auf der Schlossterrasse erleben. <\/p>\n\n\n\n<p>Die Blues Lighters sind eine &#8222;junge&#8220; Band. Gegr\u00fcndet hatten sie sich 2023 eigentlich nur f\u00fcr einen einmaligen Auftritt anl\u00e4sslich einer Vernissage ihrer gemeinsamen Freundin und Bandkollegin Rita Dorner. Wo? Nat\u00fcrlich f\u00fcr eine Ausstellung in Schloss Buchenau. Nun &#8211; das Publikum war begeistert und den drei Musikern machte es derartig viel Spa\u00df, dass sie weitermachten und schon wenig sp\u00e4ter beim Drumherum das \u00fcberf\u00fcllte Zirkuszelt schon am Vormittag zum Toben brachten. &#8222;Jung&#8220; ist nat\u00fcrlich nur die Band. Die drei Gitarristen sind schon lange regionale Legenden: Jack Schreder, Max Fischl und Tom Riepl (geordnet nach Geburtsdatum).<\/p>\n\n\n\n<p>Der Auftritt am 6. Juni ist das zweite Konzert bei uns; open Air soweit es das Wetter zul\u00e4sst. Sollte es regnen, gehen wir in den Saal. Eintritt wir fast immer 15 \u20ac.<\/p>\n\n\n\n<p>Und jetzt noch der offizielle Pressetext:<\/p>\n\n\n\n<p><em>Die Mitte 2023 gegr\u00fcndeten Blues Lighters spielen Amerikanische Volksmusik in ihrer urspr\u00fcnglichsten Form. Mit Akustik-Gitarren und Gesang pr\u00e4sentiert das Trio authentischen Blues von den 1930ern bis zu den 1980er Jahren. Nach dem \u00dcberraschungserfolg beim Regener Drumherum-Festival, wo die Blues Lighters von rund 500 Zuh\u00f6rern mit stehenden Ovationen gefeiert wurden, pr\u00e4sentiert sich die kleine Blues-Combo nun zum zweiten Mal im Schloss Buchenau. Auf dem Programm stehen u. a. teils 80 Jahre alte Klassiker von Robert Johnson, Freddie King und Jimmy Reed, wobei sich die Blues Lighters mit Songs von Gregg Allman, Eric Clapton, ZZ Top und Dickey Betts auch in die j\u00fcngere musikalische Vergangenheit vorwagen. Besetzung: Jack Schreder (Rock Pionier aus Zwiesel &#8211; Gitarre, Gesang), Max Fischl (Blues &amp; Jazz Urgestein aus Rabenstein &#8211; Gitarre), Tom Riepl (Studiomusiker, Kulturpreistr\u00e4ger\/Landkreis Regen &#8211; Gitarre).<\/em><\/p>\n","protected":false},"excerpt":{"rendered":"<p>Am 6. Juni um 19 Uhr er\u00f6ffnen die Blues Lighters unsere Open-Air-Saison, die am 23. August mit einem Konzert von Missing O Love wieder endet. Dazwischen k\u00f6nnen Sie Joe Baumgartner, Oliver Rajamani, das Hill Valley Orchestra, \u00c4ff-tam-tam und die Gruppe Slalom auf der Schlossterrasse erleben. Die Blues Lighters sind eine &#8222;junge&#8220; Band. Gegr\u00fcndet hatten sie &hellip; <\/p>\n<p class=\"link-more\"><a href=\"https:\/\/www.foerderkreis-schloss-buchenau.de\/?p=1284\" class=\"more-link\"><span class=\"screen-reader-text\">\u201eDie Blues Lighters er\u00f6ffnen die Open-Air-Saison in Schloss Buchenau.\u201c <\/span>weiterlesen<\/a><\/p>\n","protected":false},"author":2,"featured_media":0,"comment_status":"closed","ping_status":"closed","sticky":false,"template":"","format":"standard","meta":{"footnotes":""},"categories":[1],"tags":[],"class_list":["post-1284","post","type-post","status-publish","format-standard","hentry","category-allgemein"],"_links":{"self":[{"href":"https:\/\/www.foerderkreis-schloss-buchenau.de\/index.php?rest_route=\/wp\/v2\/posts\/1284","targetHints":{"allow":["GET"]}}],"collection":[{"href":"https:\/\/www.foerderkreis-schloss-buchenau.de\/index.php?rest_route=\/wp\/v2\/posts"}],"about":[{"href":"https:\/\/www.foerderkreis-schloss-buchenau.de\/index.php?rest_route=\/wp\/v2\/types\/post"}],"author":[{"embeddable":true,"href":"https:\/\/www.foerderkreis-schloss-buchenau.de\/index.php?rest_route=\/wp\/v2\/users\/2"}],"replies":[{"embeddable":true,"href":"https:\/\/www.foerderkreis-schloss-buchenau.de\/index.php?rest_route=%2Fwp%2Fv2%2Fcomments&post=1284"}],"version-history":[{"count":1,"href":"https:\/\/www.foerderkreis-schloss-buchenau.de\/index.php?rest_route=\/wp\/v2\/posts\/1284\/revisions"}],"predecessor-version":[{"id":1285,"href":"https:\/\/www.foerderkreis-schloss-buchenau.de\/index.php?rest_route=\/wp\/v2\/posts\/1284\/revisions\/1285"}],"wp:attachment":[{"href":"https:\/\/www.foerderkreis-schloss-buchenau.de\/index.php?rest_route=%2Fwp%2Fv2%2Fmedia&parent=1284"}],"wp:term":[{"taxonomy":"category","embeddable":true,"href":"https:\/\/www.foerderkreis-schloss-buchenau.de\/index.php?rest_route=%2Fwp%2Fv2%2Fcategories&post=1284"},{"taxonomy":"post_tag","embeddable":true,"href":"https:\/\/www.foerderkreis-schloss-buchenau.de\/index.php?rest_route=%2Fwp%2Fv2%2Ftags&post=1284"}],"curies":[{"name":"wp","href":"https:\/\/api.w.org\/{rel}","templated":true}]}}