{"id":1293,"date":"2025-06-19T15:30:10","date_gmt":"2025-06-19T13:30:10","guid":{"rendered":"https:\/\/www.foerderkreis-schloss-buchenau.de\/?p=1293"},"modified":"2025-06-19T15:32:35","modified_gmt":"2025-06-19T13:32:35","slug":"kalt-bunt-und-lecker-der-grosse-erna-horn-abend","status":"publish","type":"post","link":"https:\/\/www.foerderkreis-schloss-buchenau.de\/?p=1293","title":{"rendered":"Kalt, bunt und lecker. Der gro\u00dfe Erna-Horn-Abend"},"content":{"rendered":"\n<p><\/p>\n\n\n\n<p>Die beiden im Vorjahr zur Feier des 120. Geburtstags von Erna Horn geplanten Veranstaltungen der szenischen Lesung mit gro\u00dfem, kaltem Buffet mussten leider wegen der Erkrankung eines unersetzlichen Ensemblemitgliedes ausfallen, so dass wir uns umso mehr auf die diesj\u00e4hrige Auff\u00fchrung freuen.  <\/p>\n\n\n\n<p>Es war eine Idee von Gerhard Riffeser gewesen, der das literarische Werk von Erna Horn sehr sch\u00e4tzte: Ein Abend mit Texten der Autorin, szenisch dargestellt, mit Musik aus der Zeit und nat\u00fcrlich Essen und Trinken nach ihren Rezepten.\u00a0\u00a0\u00a0\u00a0\u00a0\u00a0\u00a0\u00a0\u00a0\u00a0\u00a0\u00a0\u00a0\u00a0\u00a0\u00a0\u00a0\u00a0\u00a0\u00a0\u00a0\u00a0\u00a0\u00a0\u00a0\u00a0\u00a0\u00a0\u00a0\u00a0\u00a0\u00a0\u00a0\u00a0\u00a0\u00a0\u00a0\u00a0\u00a0\u00a0\u00a0\u00a0\u00a0\u00a0\u00a0\u00a0\u00a0\u00a0\u00a0\u00a0\u00a0\u00a0\u00a0\u00a0\u00a0 \u00a0\u00a0\u00a0\u00a0\u00a0\u00a0\u00a0\u00a0\u00a0\u00a0\u00a0\u00a0\u00a0\u00a0\u00a0\u00a0 <br>Gerd hatte eine sehr genaue Vorstellung, wie die Inszenierung aussehen sollte: \u201eLesen muss Alexander, das kann keiner so gut wie er.\u201c Und Alexander Bierstedt wird auch heuer wieder die Texte lebendig werden lassen, genauso wie weitere Mitglieder der Schloss-theatergruppe, die ihn erneut schauspielerisch und musikalisch begleiten werden: Monika Grabmeier und Bianka K\u00f6nig als Darstellerinnen sowie Veronika Schagemann und Ernst Grassl als kongeniale Interpreten der Musik aus den 30er bis 60er Jahren. \u00a0 \u00a0 \u00a0 \u00a0 \u00a0 \u00a0 \u00a0 \u00a0 \u00a0 \u00a0 \u00a0 \u00a0 \u00a0 \u00a0 \u00a0 \u00a0 \u00a0 \u00a0 \u00a0 \u00a0 Regie wird wieder Verena Riffeser f\u00fchren, der es zusammen mit den Ensemblemitgliedern bei den ersten beiden Auff\u00fchrungen auf fast unglaubliche Weise gelungen war, den Geist des Schlosstheaters auf die B\u00fchne zur\u00fcckzuholen.<br>Den Ablauf werden wir wie im Jahr 2023 gestalten: Sie werden mit einem Aperitif und leckeren Kleinigkeiten begr\u00fc\u00dft, begeben sich dann in den Saal und erleben den ersten Teil der Inszenierung. In der anschlie\u00dfenden, langen Pause werden wir Sie mit einem gro\u00dfen, kalten Buffet verw\u00f6hnen, das Sie zur\u00fcckversetzt in die 50er und 60er Jahre. Erna Horn hat dazu ein ganzes Buch verfasst, \u201eKalt, bunt und lecker\u201c, das dem Ereignis auch seinen Namen verlieh. Es war uns 2023 zweimal gelungen, ein Buffet zu zaubern, das sich \u00fcber zwei Zimmer erstreckte und so beeindruckend sch\u00f6n aussah, dass die G\u00e4ste anfangs direkt Hemmungen hatten, es zu \u201ezerst\u00f6ren\u201c. Nach der Pause k\u00f6nnen Sie im Saal den zweiten Teil der Auff\u00fchrung genie\u00dfen und wer dann schon wieder etwas Appetit versp\u00fcrt, kann bei einem letzten Glas Wein nach sicherlich noch vorhandene K\u00f6stlichkeiten am Buffet Ausschau halten. \u00a0<\/p>\n\n\n\n<p>Die Veranstaltung findet am Sonntag, den 29. Juni statt, beginnt um 17:00 Uhr und kostet pro Person 58 \u20ac. \u00a0 \u00a0 \u00a0 \u00a0 \u00a0 \u00a0 \u00a0 \u00a0 \u00a0 \u00a0 \u00a0 \u00a0 \u00a0 \u00a0 \u00a0 \u00a0 \u00a0 \u00a0 \u00a0 \u00a0 \u00a0 \u00a0 \u00a0 \u00a0 \u00a0 \u00a0 \u00a0 \u00a0 \u00a0 \u00a0 \u00a0 \u00a0 \u00a0 \u00a0 \u00a0 \u00a0 \u00a0 \u00a0 \u00a0 \u00a0 \u00a0 \u00a0 \u00a0 \u00a0 \u00a0 \u00a0 \u00a0 \u00a0 \u00a0 \u00a0 \u00a0 \u00a0<\/p>\n\n\n\n<p><\/p>\n","protected":false},"excerpt":{"rendered":"<p>Die beiden im Vorjahr zur Feier des 120. Geburtstags von Erna Horn geplanten Veranstaltungen der szenischen Lesung mit gro\u00dfem, kaltem Buffet mussten leider wegen der Erkrankung eines unersetzlichen Ensemblemitgliedes ausfallen, so dass wir uns umso mehr auf die diesj\u00e4hrige Auff\u00fchrung freuen. Es war eine Idee von Gerhard Riffeser gewesen, der das literarische Werk von Erna &hellip; <\/p>\n<p class=\"link-more\"><a href=\"https:\/\/www.foerderkreis-schloss-buchenau.de\/?p=1293\" class=\"more-link\"><span class=\"screen-reader-text\">\u201eKalt, bunt und lecker. Der gro\u00dfe Erna-Horn-Abend\u201c <\/span>weiterlesen<\/a><\/p>\n","protected":false},"author":2,"featured_media":0,"comment_status":"closed","ping_status":"closed","sticky":false,"template":"","format":"standard","meta":{"footnotes":""},"categories":[1],"tags":[],"class_list":["post-1293","post","type-post","status-publish","format-standard","hentry","category-allgemein"],"_links":{"self":[{"href":"https:\/\/www.foerderkreis-schloss-buchenau.de\/index.php?rest_route=\/wp\/v2\/posts\/1293","targetHints":{"allow":["GET"]}}],"collection":[{"href":"https:\/\/www.foerderkreis-schloss-buchenau.de\/index.php?rest_route=\/wp\/v2\/posts"}],"about":[{"href":"https:\/\/www.foerderkreis-schloss-buchenau.de\/index.php?rest_route=\/wp\/v2\/types\/post"}],"author":[{"embeddable":true,"href":"https:\/\/www.foerderkreis-schloss-buchenau.de\/index.php?rest_route=\/wp\/v2\/users\/2"}],"replies":[{"embeddable":true,"href":"https:\/\/www.foerderkreis-schloss-buchenau.de\/index.php?rest_route=%2Fwp%2Fv2%2Fcomments&post=1293"}],"version-history":[{"count":3,"href":"https:\/\/www.foerderkreis-schloss-buchenau.de\/index.php?rest_route=\/wp\/v2\/posts\/1293\/revisions"}],"predecessor-version":[{"id":1296,"href":"https:\/\/www.foerderkreis-schloss-buchenau.de\/index.php?rest_route=\/wp\/v2\/posts\/1293\/revisions\/1296"}],"wp:attachment":[{"href":"https:\/\/www.foerderkreis-schloss-buchenau.de\/index.php?rest_route=%2Fwp%2Fv2%2Fmedia&parent=1293"}],"wp:term":[{"taxonomy":"category","embeddable":true,"href":"https:\/\/www.foerderkreis-schloss-buchenau.de\/index.php?rest_route=%2Fwp%2Fv2%2Fcategories&post=1293"},{"taxonomy":"post_tag","embeddable":true,"href":"https:\/\/www.foerderkreis-schloss-buchenau.de\/index.php?rest_route=%2Fwp%2Fv2%2Ftags&post=1293"}],"curies":[{"name":"wp","href":"https:\/\/api.w.org\/{rel}","templated":true}]}}