{"id":1297,"date":"2025-06-23T18:56:06","date_gmt":"2025-06-23T16:56:06","guid":{"rendered":"https:\/\/www.foerderkreis-schloss-buchenau.de\/?p=1297"},"modified":"2025-06-24T23:16:13","modified_gmt":"2025-06-24T21:16:13","slug":"weltmusik-allererster-guete-oliver-rajamani-tritt-mit-seiner-band-im-schloss-auf","status":"publish","type":"post","link":"https:\/\/www.foerderkreis-schloss-buchenau.de\/?p=1297","title":{"rendered":"Weltmusik allererster G\u00fcte: Oliver Rajamani tritt mit seiner Band im Schloss auf."},"content":{"rendered":"\n<p><\/p>\n\n\n\n<p>Oliver Rajamani entfaltet eine tief ber\u00fchrende, innovative Musik, durchwoben von Kl\u00e4ngen und Einfl\u00fcssen aus den unterschiedlichsten musikalischen Welten. Sein einzigartiger, zutiefst pers\u00f6nlicher Sound ist aus den kulturellen und musikalischen F\u00e4den der Roma Indiens und der texanischen Americana gewoben. Er singt in mehreren Sprachen \u2013 darunter Englisch, Romani sowie verschiedene indische Sprachen.<\/p>\n\n\n\n<p>Oliver Rajamani ist ein texanischer K\u00fcnstler. In Austin reifte sein Leben und seine Musik heran \u2013 die Geschichte der indischen Roma-Diaspora diente ihm als Weg, sich wieder tiefer mit seinem angestammten Erbe zu verbinden. Neben indischer Musik, insbesondere der der Roma, wuchs er durch seinen Vater und Onkel mit texanischer Country- und Westernmusik auf. Von seiner Familie ermutigt, lernte er Tabla, Schlagzeug und Gitarre spielen. Sp\u00e4ter tourte er, manchmal im Gefolge renommierter Musiker, durch Indien, Europa und die USA.<\/p>\n\n\n\n<p>Oliver Rajamani erhielt Auszeichnungen wie den &nbsp;Austin, Texas World Music Award, wurde unter anderem f\u00fcr den Preis der Deutschen Schallplattenkritik nominiert, machte Aufnahmen und Tourneen mit zahlreichen Musikern verschiedenster Stilrichtungen, bei uns vielleicht am bekanntesten Willie Nelson, Gypsy Kings, Edie Brickell, Eric Johnson, Glen Velez, Diane Schuur und Vadim Kolpakov sowie mit Dichtern wie Robert Bly, Coleman Barks und Paul Maar.<\/p>\n\n\n\n<p>Reisen rund um den Globus und die Ausbildung nicht nur bei professionellen Musikern, sondern auch bei Menschenrechtsaktivisten, Umweltsch\u00fctzern, Soziologen und Spiritualisten f\u00fchrten ihn musikalisch, kulturell, sprachlich und spirituell zu einem weltweiten Publikum. Sein Einsatz f\u00fcr die Belange der Roma ist ihm seit vielen Jahren eine Herzensangelegenheit.<\/p>\n\n\n\n<p>Das Open-Air-Konzert mit Oliver Rajamani und seiner Band findet am 28. Juni um 19 Uhr statt, der Eintritt kostet 15 \u20ac.<\/p>\n\n\n\n<p><\/p>\n\n\n\n<figure class=\"wp-block-image size-full\"><img loading=\"lazy\" decoding=\"async\" width=\"612\" height=\"792\" src=\"https:\/\/www.foerderkreis-schloss-buchenau.de\/wp-content\/uploads\/2025\/06\/Oliver.jpg\" alt=\"\" class=\"wp-image-1298\" srcset=\"https:\/\/www.foerderkreis-schloss-buchenau.de\/wp-content\/uploads\/2025\/06\/Oliver.jpg 612w, https:\/\/www.foerderkreis-schloss-buchenau.de\/wp-content\/uploads\/2025\/06\/Oliver-232x300.jpg 232w\" sizes=\"auto, (max-width: 612px) 100vw, 612px\" \/><\/figure>\n","protected":false},"excerpt":{"rendered":"<p>Oliver Rajamani entfaltet eine tief ber\u00fchrende, innovative Musik, durchwoben von Kl\u00e4ngen und Einfl\u00fcssen aus den unterschiedlichsten musikalischen Welten. Sein einzigartiger, zutiefst pers\u00f6nlicher Sound ist aus den kulturellen und musikalischen F\u00e4den der Roma Indiens und der texanischen Americana gewoben. Er singt in mehreren Sprachen \u2013 darunter Englisch, Romani sowie verschiedene indische Sprachen. Oliver Rajamani ist ein &hellip; <\/p>\n<p class=\"link-more\"><a href=\"https:\/\/www.foerderkreis-schloss-buchenau.de\/?p=1297\" class=\"more-link\"><span class=\"screen-reader-text\">\u201eWeltmusik allererster G\u00fcte: Oliver Rajamani tritt mit seiner Band im Schloss auf.\u201c <\/span>weiterlesen<\/a><\/p>\n","protected":false},"author":2,"featured_media":0,"comment_status":"closed","ping_status":"closed","sticky":false,"template":"","format":"standard","meta":{"footnotes":""},"categories":[1],"tags":[],"class_list":["post-1297","post","type-post","status-publish","format-standard","hentry","category-allgemein"],"_links":{"self":[{"href":"https:\/\/www.foerderkreis-schloss-buchenau.de\/index.php?rest_route=\/wp\/v2\/posts\/1297","targetHints":{"allow":["GET"]}}],"collection":[{"href":"https:\/\/www.foerderkreis-schloss-buchenau.de\/index.php?rest_route=\/wp\/v2\/posts"}],"about":[{"href":"https:\/\/www.foerderkreis-schloss-buchenau.de\/index.php?rest_route=\/wp\/v2\/types\/post"}],"author":[{"embeddable":true,"href":"https:\/\/www.foerderkreis-schloss-buchenau.de\/index.php?rest_route=\/wp\/v2\/users\/2"}],"replies":[{"embeddable":true,"href":"https:\/\/www.foerderkreis-schloss-buchenau.de\/index.php?rest_route=%2Fwp%2Fv2%2Fcomments&post=1297"}],"version-history":[{"count":3,"href":"https:\/\/www.foerderkreis-schloss-buchenau.de\/index.php?rest_route=\/wp\/v2\/posts\/1297\/revisions"}],"predecessor-version":[{"id":1302,"href":"https:\/\/www.foerderkreis-schloss-buchenau.de\/index.php?rest_route=\/wp\/v2\/posts\/1297\/revisions\/1302"}],"wp:attachment":[{"href":"https:\/\/www.foerderkreis-schloss-buchenau.de\/index.php?rest_route=%2Fwp%2Fv2%2Fmedia&parent=1297"}],"wp:term":[{"taxonomy":"category","embeddable":true,"href":"https:\/\/www.foerderkreis-schloss-buchenau.de\/index.php?rest_route=%2Fwp%2Fv2%2Fcategories&post=1297"},{"taxonomy":"post_tag","embeddable":true,"href":"https:\/\/www.foerderkreis-schloss-buchenau.de\/index.php?rest_route=%2Fwp%2Fv2%2Ftags&post=1297"}],"curies":[{"name":"wp","href":"https:\/\/api.w.org\/{rel}","templated":true}]}}