{"id":1307,"date":"2025-07-01T23:22:20","date_gmt":"2025-07-01T21:22:20","guid":{"rendered":"https:\/\/www.foerderkreis-schloss-buchenau.de\/?p=1307"},"modified":"2025-07-01T23:22:20","modified_gmt":"2025-07-01T21:22:20","slug":"ladislav-sykora-druckgrafik-und-skulpturen","status":"publish","type":"post","link":"https:\/\/www.foerderkreis-schloss-buchenau.de\/?p=1307","title":{"rendered":"Ladislav Sykora: Druckgrafik und Skulpturen."},"content":{"rendered":"\n<p><\/p>\n\n\n\n<p>Am Samstag wird um 19 Uhr eine Ausstellung von Ladislav Sykora er\u00f6ffnet, in der Sie sein phantastisches druckgraphisches Werk und einige seiner bildhauerischen Arbeiten erleben k\u00f6nnen.&nbsp;<\/p>\n\n\n\n<p>Einen kurzen biographischen Abriss zum K\u00fcnstler finden Sie unten.<\/p>\n\n\n\n<p>Die Vernissage findet am Samstag, den 5. Juli um 19 Uhr statt. Ladislav bringt einige b\u00f6hmische Musiker mit und es gibt wie immer Brot, Aufstriche, Bier und Wein. Es erwartet Sie ein entspannter, lauer und sicherlich sehr interessanter Sommerabend.<\/p>\n\n\n\n<p><\/p>\n\n\n\n<p>Ladislav S\u00fdkora<\/p>\n\n\n\n<p>La\u2019d\u2019a wurde 1964 in Pilsen geboren, wo er sp\u00e4ter eine Lehre als Installateur absolvierte. Anfang der 1990er Jahre zog er mit seiner Frau Lenka nach De\u0161enice. Er hat zwei erwachsene Kinder \u2013 einen Sohn und eine Tochter.<\/p>\n\n\n\n<p>Im nahen Schloss Klenov\u00e1 mit angeschlossener Galerie ist er als Kastellan und Kurator t\u00e4tig. Schon als junger Mann widmete er sich der Grafik und Malerei, hat aber auch Figuren und Objekte aus Holz und Metall gestaltet.<\/p>\n\n\n\n<p>Sein besonderes Talent aber zeigen die Linolschnitte. In dieser Technik ist er ein wahrer Meister.<\/p>\n\n\n\n<p>Lino erm\u00f6glicht ihm eine unglaublich subtile und detaillierte, pr\u00e4zise Arbeit.<\/p>\n\n\n\n<p>Eine Besonderheit der gro\u00dfformatigen Linolschnitte ist sein Umgang mit Farbe. Das Ergebnis ist eine Kombination aus grafischer Reproduktion und Monotypie, die oft nur zwei Kopien erm\u00f6glicht, wobei diese sich dann auch noch in Details unterscheiden.<\/p>\n\n\n\n<p>Die Quelle seiner Inspiration ist der B\u00f6hmerwald in dem ein Zuhause gefunden hat.<\/p>\n\n\n\n<p>Weniger bekannt sind seine Objekte aus Holz oder Metall. Das bildhauerische Werk nimmt bisher leider noch nicht den gleichen Stellenwert ein wie seine Druckgrafik.<\/p>\n\n\n\n<p><\/p>\n\n\n\n<div data-wp-interactive=\"core\/file\" class=\"wp-block-file\"><object data-wp-bind--hidden=\"!state.hasPdfPreview\" hidden class=\"wp-block-file__embed\" data=\"https:\/\/www.foerderkreis-schloss-buchenau.de\/wp-content\/uploads\/2025\/07\/Sykora.pdf\" type=\"application\/pdf\" style=\"width:100%;height:600px\" aria-label=\"Einbettung von Sykora.\"><\/object><a id=\"wp-block-file--media-e8f484e6-ddf4-424d-8092-eb4fc0347e19\" href=\"https:\/\/www.foerderkreis-schloss-buchenau.de\/wp-content\/uploads\/2025\/07\/Sykora.pdf\">Sykora<\/a><a href=\"https:\/\/www.foerderkreis-schloss-buchenau.de\/wp-content\/uploads\/2025\/07\/Sykora.pdf\" class=\"wp-block-file__button wp-element-button\" download aria-describedby=\"wp-block-file--media-e8f484e6-ddf4-424d-8092-eb4fc0347e19\">Herunterladen<\/a><\/div>\n","protected":false},"excerpt":{"rendered":"<p>Am Samstag wird um 19 Uhr eine Ausstellung von Ladislav Sykora er\u00f6ffnet, in der Sie sein phantastisches druckgraphisches Werk und einige seiner bildhauerischen Arbeiten erleben k\u00f6nnen.&nbsp; Einen kurzen biographischen Abriss zum K\u00fcnstler finden Sie unten. Die Vernissage findet am Samstag, den 5. Juli um 19 Uhr statt. Ladislav bringt einige b\u00f6hmische Musiker mit und es &hellip; <\/p>\n<p class=\"link-more\"><a href=\"https:\/\/www.foerderkreis-schloss-buchenau.de\/?p=1307\" class=\"more-link\"><span class=\"screen-reader-text\">\u201eLadislav Sykora: Druckgrafik und Skulpturen.\u201c <\/span>weiterlesen<\/a><\/p>\n","protected":false},"author":2,"featured_media":0,"comment_status":"closed","ping_status":"closed","sticky":false,"template":"","format":"standard","meta":{"footnotes":""},"categories":[1],"tags":[],"class_list":["post-1307","post","type-post","status-publish","format-standard","hentry","category-allgemein"],"_links":{"self":[{"href":"https:\/\/www.foerderkreis-schloss-buchenau.de\/index.php?rest_route=\/wp\/v2\/posts\/1307","targetHints":{"allow":["GET"]}}],"collection":[{"href":"https:\/\/www.foerderkreis-schloss-buchenau.de\/index.php?rest_route=\/wp\/v2\/posts"}],"about":[{"href":"https:\/\/www.foerderkreis-schloss-buchenau.de\/index.php?rest_route=\/wp\/v2\/types\/post"}],"author":[{"embeddable":true,"href":"https:\/\/www.foerderkreis-schloss-buchenau.de\/index.php?rest_route=\/wp\/v2\/users\/2"}],"replies":[{"embeddable":true,"href":"https:\/\/www.foerderkreis-schloss-buchenau.de\/index.php?rest_route=%2Fwp%2Fv2%2Fcomments&post=1307"}],"version-history":[{"count":1,"href":"https:\/\/www.foerderkreis-schloss-buchenau.de\/index.php?rest_route=\/wp\/v2\/posts\/1307\/revisions"}],"predecessor-version":[{"id":1309,"href":"https:\/\/www.foerderkreis-schloss-buchenau.de\/index.php?rest_route=\/wp\/v2\/posts\/1307\/revisions\/1309"}],"wp:attachment":[{"href":"https:\/\/www.foerderkreis-schloss-buchenau.de\/index.php?rest_route=%2Fwp%2Fv2%2Fmedia&parent=1307"}],"wp:term":[{"taxonomy":"category","embeddable":true,"href":"https:\/\/www.foerderkreis-schloss-buchenau.de\/index.php?rest_route=%2Fwp%2Fv2%2Fcategories&post=1307"},{"taxonomy":"post_tag","embeddable":true,"href":"https:\/\/www.foerderkreis-schloss-buchenau.de\/index.php?rest_route=%2Fwp%2Fv2%2Ftags&post=1307"}],"curies":[{"name":"wp","href":"https:\/\/api.w.org\/{rel}","templated":true}]}}