{"id":1321,"date":"2025-07-14T20:17:31","date_gmt":"2025-07-14T18:17:31","guid":{"rendered":"https:\/\/www.foerderkreis-schloss-buchenau.de\/?p=1321"},"modified":"2025-07-14T20:17:31","modified_gmt":"2025-07-14T18:17:31","slug":"die-aeff-tam-tam-musikanten-auf-der-schlossterrasse","status":"publish","type":"post","link":"https:\/\/www.foerderkreis-schloss-buchenau.de\/?p=1321","title":{"rendered":"Die \u00c4ff-tam-tam Musikanten auf der Schlossterrasse."},"content":{"rendered":"\n<p>.\u00a0<\/p>\n\n\n\n<p>Am Wochenende treten zum ersten Mal in unserer langj\u00e4hrigen Veranstaltungsgeschichte die \u00c4ff-tam-tam-Musikanten im Schloss auf. Warum es so lange gedauert hat, bis wir diese renommierte, nicht zuletzt durch vielfache Fernsehauftritte weit \u00fcber unsere Heimat hinaus bekannte Gruppe einmal bei uns begr\u00fc\u00dfen d\u00fcrfen, wei\u00df eigentlich keiner so wirklich. Macht aber auch nichts, jetzt kommen sie ja.<\/p>\n\n\n\n<p><\/p>\n\n\n\n<p>Die \u201e\u00c4ff-tam-tam \u2013 Musikanten\u201c das sind: Armin Weinfurter (1. Geige), Andreas Peschl (2. Geige), Alexander Lochstampfer (Trompete), Johannes Lorenz (Posaune), Andreas Wei\u00df (Akkordeon), Roland Pongratz (Harfe) und Dominik Billinger (Kontrabass). Sie musizieren seit 2008 gemeinsam. Die sieben Herrschaften aus dem Bayerischen Wald spielen Volksmusik, t\u00e4nzerisch &amp; konzertant, schmachtend &amp; rasant und herzergreifend &amp; virtuos! Bei ihren unverst\u00e4rkten Auftritten bringen sie fetzige Polkas, filigrane Landler, verzwickte Zwiefache oder andere Besonderheiten der volksmusikalischen \u00dcberlieferung ihrer Heimat, dem bayerisch-b\u00f6hmischen Grenzgebirge, dem Alpenraum, oder sonst woher zu Geh\u00f6r.&nbsp;<\/p>\n\n\n\n<p>Das Konzert findet am Samstag,  den 19. Juli auf der Schlossterrasse statt und beginnt um 19 Uhr. Der Eintritt betr\u00e4gt 15 \u20ac.<\/p>\n\n\n\n<p><\/p>\n\n\n\n<figure class=\"wp-block-image size-large\"><img loading=\"lazy\" decoding=\"async\" width=\"1024\" height=\"683\" src=\"https:\/\/www.foerderkreis-schloss-buchenau.de\/wp-content\/uploads\/2025\/07\/Aeff-tam-tam-Musikanten-Habe-die-Aehre-2018-Foto-von-Herbert-Poehnl-1920-uea-1024x683.jpg\" alt=\"\" class=\"wp-image-1322\" srcset=\"https:\/\/www.foerderkreis-schloss-buchenau.de\/wp-content\/uploads\/2025\/07\/Aeff-tam-tam-Musikanten-Habe-die-Aehre-2018-Foto-von-Herbert-Poehnl-1920-uea-1024x683.jpg 1024w, https:\/\/www.foerderkreis-schloss-buchenau.de\/wp-content\/uploads\/2025\/07\/Aeff-tam-tam-Musikanten-Habe-die-Aehre-2018-Foto-von-Herbert-Poehnl-1920-uea-300x200.jpg 300w, https:\/\/www.foerderkreis-schloss-buchenau.de\/wp-content\/uploads\/2025\/07\/Aeff-tam-tam-Musikanten-Habe-die-Aehre-2018-Foto-von-Herbert-Poehnl-1920-uea-768x512.jpg 768w, https:\/\/www.foerderkreis-schloss-buchenau.de\/wp-content\/uploads\/2025\/07\/Aeff-tam-tam-Musikanten-Habe-die-Aehre-2018-Foto-von-Herbert-Poehnl-1920-uea-1536x1024.jpg 1536w, https:\/\/www.foerderkreis-schloss-buchenau.de\/wp-content\/uploads\/2025\/07\/Aeff-tam-tam-Musikanten-Habe-die-Aehre-2018-Foto-von-Herbert-Poehnl-1920-uea-2048x1366.jpg 2048w\" sizes=\"auto, (max-width: 706px) 89vw, (max-width: 767px) 82vw, 740px\" \/><\/figure>\n","protected":false},"excerpt":{"rendered":"<p>.\u00a0 Am Wochenende treten zum ersten Mal in unserer langj\u00e4hrigen Veranstaltungsgeschichte die \u00c4ff-tam-tam-Musikanten im Schloss auf. Warum es so lange gedauert hat, bis wir diese renommierte, nicht zuletzt durch vielfache Fernsehauftritte weit \u00fcber unsere Heimat hinaus bekannte Gruppe einmal bei uns begr\u00fc\u00dfen d\u00fcrfen, wei\u00df eigentlich keiner so wirklich. Macht aber auch nichts, jetzt kommen sie &hellip; <\/p>\n<p class=\"link-more\"><a href=\"https:\/\/www.foerderkreis-schloss-buchenau.de\/?p=1321\" class=\"more-link\"><span class=\"screen-reader-text\">\u201eDie \u00c4ff-tam-tam Musikanten auf der Schlossterrasse.\u201c <\/span>weiterlesen<\/a><\/p>\n","protected":false},"author":2,"featured_media":0,"comment_status":"closed","ping_status":"closed","sticky":false,"template":"","format":"standard","meta":{"footnotes":""},"categories":[1],"tags":[],"class_list":["post-1321","post","type-post","status-publish","format-standard","hentry","category-allgemein"],"_links":{"self":[{"href":"https:\/\/www.foerderkreis-schloss-buchenau.de\/index.php?rest_route=\/wp\/v2\/posts\/1321","targetHints":{"allow":["GET"]}}],"collection":[{"href":"https:\/\/www.foerderkreis-schloss-buchenau.de\/index.php?rest_route=\/wp\/v2\/posts"}],"about":[{"href":"https:\/\/www.foerderkreis-schloss-buchenau.de\/index.php?rest_route=\/wp\/v2\/types\/post"}],"author":[{"embeddable":true,"href":"https:\/\/www.foerderkreis-schloss-buchenau.de\/index.php?rest_route=\/wp\/v2\/users\/2"}],"replies":[{"embeddable":true,"href":"https:\/\/www.foerderkreis-schloss-buchenau.de\/index.php?rest_route=%2Fwp%2Fv2%2Fcomments&post=1321"}],"version-history":[{"count":1,"href":"https:\/\/www.foerderkreis-schloss-buchenau.de\/index.php?rest_route=\/wp\/v2\/posts\/1321\/revisions"}],"predecessor-version":[{"id":1323,"href":"https:\/\/www.foerderkreis-schloss-buchenau.de\/index.php?rest_route=\/wp\/v2\/posts\/1321\/revisions\/1323"}],"wp:attachment":[{"href":"https:\/\/www.foerderkreis-schloss-buchenau.de\/index.php?rest_route=%2Fwp%2Fv2%2Fmedia&parent=1321"}],"wp:term":[{"taxonomy":"category","embeddable":true,"href":"https:\/\/www.foerderkreis-schloss-buchenau.de\/index.php?rest_route=%2Fwp%2Fv2%2Fcategories&post=1321"},{"taxonomy":"post_tag","embeddable":true,"href":"https:\/\/www.foerderkreis-schloss-buchenau.de\/index.php?rest_route=%2Fwp%2Fv2%2Ftags&post=1321"}],"curies":[{"name":"wp","href":"https:\/\/api.w.org\/{rel}","templated":true}]}}