{"id":1324,"date":"2025-07-14T20:33:20","date_gmt":"2025-07-14T18:33:20","guid":{"rendered":"https:\/\/www.foerderkreis-schloss-buchenau.de\/?p=1324"},"modified":"2025-07-14T20:33:20","modified_gmt":"2025-07-14T18:33:20","slug":"literatur-und-musik-edmund-stern-stellt-sein-buch-begegnungen-in-boehmen-vor-musikalisch-umrahmt-von-jonas-baierl-und-gerhard-fischl","status":"publish","type":"post","link":"https:\/\/www.foerderkreis-schloss-buchenau.de\/?p=1324","title":{"rendered":"Literatur und Musik: Edmund Stern stellt sein Buch &#8222;Begegnungen in B\u00f6hmen&#8220; vor,  musikalisch umrahmt von Jon\u00e1\u0161 Baierl und Gerhard Fischl."},"content":{"rendered":"\n<p>Am Sonntag, den 20. Juli stellt Edmund Stern in unserer Reihe \u201eDie Literaturmatinee\u201c  sein neues Buch \u201eBegegnungen in B\u00f6hmen\u201c vor. Die Veranstaltung bildet auch einen Teil unseres bayerisch-b\u00f6hmischen Programmes, in dem wir heuer insgesamt f\u00fcnf Konzerte, Lesungen und Ausstellungen anbieten.<\/p>\n\n\n\n<p>Der aus Rabenstein stammende Autor ist durch vielfache Reisen und Aufenthalte in unserem Nachbarland, die bereits 1968 ihren Anfang genommen, und zu vielen Kontakten und Freundschaften gef\u00fchrt haben, zu einem intimen Kenner Tschechiens geworden. Er ist unver\u00e4ndert sehr viel in B\u00f6hmen unterwegs und entdeckt weiterhin interessante Personen oder Orte. Es geht ihm nicht um die Tschechen oder die Deutschen, es geht einfach nur um Menschen. Mehr als 250 Fotos von diesseits und jenseits der Grenze bilden die Streifz\u00fcge durch den allern\u00e4chsten Osten ab. Ziel ist das gegenseitige Kennenlernen, Tolerieren und Verstehen. Vorgestellt wird auch das Leuchtturmprojekt des Gymnasiums Zwiesel, bei dem eine ganze Klasse tschechischer Sch\u00fclerinnen und Sch\u00fclern in drei Jahren zum bayerischen Abitur gef\u00fchrt wurde.<\/p>\n\n\n\n<p>Edmund Stern ist bekannt f\u00fcr seinen kurzweiligen, assoziativen, humorvollen und alles andere als langweiligen Vortragsstil.&nbsp;<\/p>\n\n\n\n<p>Musikalisch umrahmt wird die Buchvorstellung von einem tschechisch-deutschen Duo, dem Pianisten Jon\u00e1\u0161 Baierl aus Su\u0161ice und dem aus dem Bayerwald stammenden und in M\u00fcnchen lebenden Gitarristen Gerhard Fischl. Ihr Programm enth\u00e4lt Elemente des Soul, des R&amp;B und des Jazz und w\u00e4re alleine schon das Kommen wert.&nbsp;<\/p>\n\n\n\n<p>Die Veranstaltung beginnt um 10:30, der Eintritt ist frei. Die Musiker w\u00fcrden sich aber sicherlich \u00fcber eine kleine Spende freuen.<\/p>\n","protected":false},"excerpt":{"rendered":"<p>Am Sonntag, den 20. Juli stellt Edmund Stern in unserer Reihe \u201eDie Literaturmatinee\u201c sein neues Buch \u201eBegegnungen in B\u00f6hmen\u201c vor. Die Veranstaltung bildet auch einen Teil unseres bayerisch-b\u00f6hmischen Programmes, in dem wir heuer insgesamt f\u00fcnf Konzerte, Lesungen und Ausstellungen anbieten. Der aus Rabenstein stammende Autor ist durch vielfache Reisen und Aufenthalte in unserem Nachbarland, die &hellip; <\/p>\n<p class=\"link-more\"><a href=\"https:\/\/www.foerderkreis-schloss-buchenau.de\/?p=1324\" class=\"more-link\"><span class=\"screen-reader-text\">\u201eLiteratur und Musik: Edmund Stern stellt sein Buch &#8222;Begegnungen in B\u00f6hmen&#8220; vor,  musikalisch umrahmt von Jon\u00e1\u0161 Baierl und Gerhard Fischl.\u201c <\/span>weiterlesen<\/a><\/p>\n","protected":false},"author":2,"featured_media":0,"comment_status":"closed","ping_status":"closed","sticky":false,"template":"","format":"standard","meta":{"footnotes":""},"categories":[1],"tags":[],"class_list":["post-1324","post","type-post","status-publish","format-standard","hentry","category-allgemein"],"_links":{"self":[{"href":"https:\/\/www.foerderkreis-schloss-buchenau.de\/index.php?rest_route=\/wp\/v2\/posts\/1324","targetHints":{"allow":["GET"]}}],"collection":[{"href":"https:\/\/www.foerderkreis-schloss-buchenau.de\/index.php?rest_route=\/wp\/v2\/posts"}],"about":[{"href":"https:\/\/www.foerderkreis-schloss-buchenau.de\/index.php?rest_route=\/wp\/v2\/types\/post"}],"author":[{"embeddable":true,"href":"https:\/\/www.foerderkreis-schloss-buchenau.de\/index.php?rest_route=\/wp\/v2\/users\/2"}],"replies":[{"embeddable":true,"href":"https:\/\/www.foerderkreis-schloss-buchenau.de\/index.php?rest_route=%2Fwp%2Fv2%2Fcomments&post=1324"}],"version-history":[{"count":1,"href":"https:\/\/www.foerderkreis-schloss-buchenau.de\/index.php?rest_route=\/wp\/v2\/posts\/1324\/revisions"}],"predecessor-version":[{"id":1325,"href":"https:\/\/www.foerderkreis-schloss-buchenau.de\/index.php?rest_route=\/wp\/v2\/posts\/1324\/revisions\/1325"}],"wp:attachment":[{"href":"https:\/\/www.foerderkreis-schloss-buchenau.de\/index.php?rest_route=%2Fwp%2Fv2%2Fmedia&parent=1324"}],"wp:term":[{"taxonomy":"category","embeddable":true,"href":"https:\/\/www.foerderkreis-schloss-buchenau.de\/index.php?rest_route=%2Fwp%2Fv2%2Fcategories&post=1324"},{"taxonomy":"post_tag","embeddable":true,"href":"https:\/\/www.foerderkreis-schloss-buchenau.de\/index.php?rest_route=%2Fwp%2Fv2%2Ftags&post=1324"}],"curies":[{"name":"wp","href":"https:\/\/api.w.org\/{rel}","templated":true}]}}