{"id":1327,"date":"2025-07-26T21:22:05","date_gmt":"2025-07-26T19:22:05","guid":{"rendered":"https:\/\/www.foerderkreis-schloss-buchenau.de\/?p=1327"},"modified":"2025-07-26T21:22:05","modified_gmt":"2025-07-26T19:22:05","slug":"literaturmatinee-mit-norbert-schreiber-hrabal-havel-reinerova-kisch-und-co-die-literatur-tschechiens","status":"publish","type":"post","link":"https:\/\/www.foerderkreis-schloss-buchenau.de\/?p=1327","title":{"rendered":"Literaturmatinee mit Norbert Schreiber.  \u201cHrabal, Havel,\u00a0\u00a0Reinerov\u00e1, Kisch und Co\u201c:  Die Literatur Tschechiens."},"content":{"rendered":"\n<h1 class=\"wp-block-heading\"><br><\/h1>\n\n\n\n<p><\/p>\n\n\n\n<h1 class=\"wp-block-heading\"><\/h1>\n\n\n\n<p>2024 haben wir die Reihe &#8222;Literaturmatinee&#8220; ins Leben gerufen. Die Veranstaltungen fanden so viel Zuspruch, dass wir uns entschlossen haben, sie weiterzuf\u00fchren. Zwei- bis dreimal im Jahr werden wir einen Sonntagvormittag der Literatur widmen. Dabei haben wir das gro\u00dfe Gl\u00fcck, dass wir mit Norbert Schreiber einen idealen Partner f\u00fcr das Projekt gefunden haben. Er arbeitet seit mehr als 55 Jahren als Journalist und Autor. F\u00fcr die ARD war er als Korrespondent, Redakteur, Moderator und Reporter in den Programm-bereichen Politik, Zeitgeschehen und Kultur t\u00e4tig. Er ver\u00f6ffentlichte zw\u00f6lf B\u00fccher zu den Themen Demokratie, Europa, Russland und Tschechien.<\/p>\n\n\n\n<p>Die aktuelle Veranstaltung tr\u00e4gt den Titel \u201cHrabal, Havel, Reinerov\u00e1, Kisch und Co\u201c: Tschechien, eine Literatur mit Sonderzeichen.<\/p>\n\n\n\n<p>Folgende Autoren stehen im Mittelpunkt der Matinee:                                                                     Bo\u017eena N\u011bmcov\u00e1\u00a0\u00a0ist tschechische\u00a0\u00a0Nationalheldin und Autorin des weltber\u00fchmten Buches \u201eDie Gro\u00dfmutter\u201c, auf Tschechisch \u201eBabi\u010dka\u201c.                                                                                            V\u00e1clav Havel, Dichter, Dissident und Pr\u00e4sident f\u00fchrte als Poet die tschechische sanfte Revolution an, schrieb Theaterst\u00fccke und war Mitautor der \u201eCharta\u00a077\u201c. F\u00fcnf Jahre sa\u00df er im kommunistischen System in Haft.\u00a0\u00a0Er startete als Beleuchter, Sekret\u00e4r, Lektor, Dramaturg auf den Brettern, die die Welt bedeuten und hatte schlie\u00dflich Erfolge als \u201eHausautor\u201c zweier Prager Theater und dann auch international auf europ\u00e4ischen B\u00fchnen.\u00a0\u00a0Im \u201eKlub unabh\u00e4ngiger Schriftsteller\u201c entwickelte er sich zum prominentesten und konsequentesten Wortf\u00fchrer der intellektuellen Elite der CSSR, die unter Lebensgefahr den demokratischen Reformprozess vorantrieb.<\/p>\n\n\n\n<p>Bohumil Hrabal liebte das tschechische Bier besonders und hat den \u201eenglischen K\u00f6nig bedient\u201c. So hei\u00dft ein Buch von ihm. Er gilt als einer der bedeutendsten tschechischen Autoren des 20. Jahrhunderts.                                                                                                                                Der Exilschriftsteller Milan Kundera entdeckte die \u201eunertr\u00e4gliche Leichtigkeit des Seins\u201c. In Paris in der Freiheit war das leichter als in Prag im Kommunismus.                                                     Max Brod, der langj\u00e4hrige Kafka-Freund, der beauftragt war, dessen Werk zu vernichten, rettet Weltliteratur f\u00fcr die Nachwelt. Wer kennt den einzigen und einzigartigen tschechischen Literatur-Nobelpreistr\u00e4ger Jaroslav Seifert? 1984 erhielt er die Auszeichnung nach seinem Weg vom Proletarier zum Poeten.                                                      Lenka Reinerov\u00e1 berichtet \u00fcber das \u201eGeheimnis der n\u00e4chsten Minuten\u201c, und ihre Tochter beschreibt die Schriftsteller-Mutter aus Prag aus der Sicht einer Tochter. Norbert Schreiber hatte mit Reinerov\u00e1 kurz vor Ihrem Tod in Prag ein letztes Interview gef\u00fchrt, das er in einem Buch und in einer CD dokumentiert hat. Sie war die letzte deutschsprachige Literatin aus dem so genannten Prager Kreis der Schriftsteller um Brod, Rilke, Werfel und Kisch. Es werden dazu einige Ausschnitte aus der H\u00f6r-CD zu h\u00f6ren sein. Der Buch-Titel: \u201eN\u00e4rrisch an das Leben glauben\u201c. Auch der rasende Reporter Egon Erwin Kisch kommt in der Lesezeit zu Wort.\u00a0<\/p>\n\n\n\n<p>Die Matinee ist nicht nur blo\u00dfe Lesung, sondern eine multimediale Pr\u00e4sentation mit H\u00f6r-CDs, Kurz-Videos und Portr\u00e4tbildern der tschechischen Literaten und ihrer B\u00fccher. Die Besucher erhalten eine Lese-Liste.<\/p>\n\n\n\n<p>Die Literaturmatinee findet am 03.08. um 10:30 Uhr statt, der Eintritt ist frei.<\/p>\n\n\n\n\n\n<p><\/p>\n","protected":false},"excerpt":{"rendered":"<p>2024 haben wir die Reihe &#8222;Literaturmatinee&#8220; ins Leben gerufen. Die Veranstaltungen fanden so viel Zuspruch, dass wir uns entschlossen haben, sie weiterzuf\u00fchren. Zwei- bis dreimal im Jahr werden wir einen Sonntagvormittag der Literatur widmen. Dabei haben wir das gro\u00dfe Gl\u00fcck, dass wir mit Norbert Schreiber einen idealen Partner f\u00fcr das Projekt gefunden haben. Er arbeitet &hellip; <\/p>\n<p class=\"link-more\"><a href=\"https:\/\/www.foerderkreis-schloss-buchenau.de\/?p=1327\" class=\"more-link\"><span class=\"screen-reader-text\">\u201eLiteraturmatinee mit Norbert Schreiber.  \u201cHrabal, Havel,\u00a0\u00a0Reinerov\u00e1, Kisch und Co\u201c:  Die Literatur Tschechiens.\u201c <\/span>weiterlesen<\/a><\/p>\n","protected":false},"author":2,"featured_media":0,"comment_status":"closed","ping_status":"closed","sticky":false,"template":"","format":"standard","meta":{"footnotes":""},"categories":[1],"tags":[],"class_list":["post-1327","post","type-post","status-publish","format-standard","hentry","category-allgemein"],"_links":{"self":[{"href":"https:\/\/www.foerderkreis-schloss-buchenau.de\/index.php?rest_route=\/wp\/v2\/posts\/1327","targetHints":{"allow":["GET"]}}],"collection":[{"href":"https:\/\/www.foerderkreis-schloss-buchenau.de\/index.php?rest_route=\/wp\/v2\/posts"}],"about":[{"href":"https:\/\/www.foerderkreis-schloss-buchenau.de\/index.php?rest_route=\/wp\/v2\/types\/post"}],"author":[{"embeddable":true,"href":"https:\/\/www.foerderkreis-schloss-buchenau.de\/index.php?rest_route=\/wp\/v2\/users\/2"}],"replies":[{"embeddable":true,"href":"https:\/\/www.foerderkreis-schloss-buchenau.de\/index.php?rest_route=%2Fwp%2Fv2%2Fcomments&post=1327"}],"version-history":[{"count":2,"href":"https:\/\/www.foerderkreis-schloss-buchenau.de\/index.php?rest_route=\/wp\/v2\/posts\/1327\/revisions"}],"predecessor-version":[{"id":1329,"href":"https:\/\/www.foerderkreis-schloss-buchenau.de\/index.php?rest_route=\/wp\/v2\/posts\/1327\/revisions\/1329"}],"wp:attachment":[{"href":"https:\/\/www.foerderkreis-schloss-buchenau.de\/index.php?rest_route=%2Fwp%2Fv2%2Fmedia&parent=1327"}],"wp:term":[{"taxonomy":"category","embeddable":true,"href":"https:\/\/www.foerderkreis-schloss-buchenau.de\/index.php?rest_route=%2Fwp%2Fv2%2Fcategories&post=1327"},{"taxonomy":"post_tag","embeddable":true,"href":"https:\/\/www.foerderkreis-schloss-buchenau.de\/index.php?rest_route=%2Fwp%2Fv2%2Ftags&post=1327"}],"curies":[{"name":"wp","href":"https:\/\/api.w.org\/{rel}","templated":true}]}}