{"id":1331,"date":"2025-08-04T22:17:09","date_gmt":"2025-08-04T20:17:09","guid":{"rendered":"https:\/\/www.foerderkreis-schloss-buchenau.de\/?p=1331"},"modified":"2025-08-04T22:17:09","modified_gmt":"2025-08-04T20:17:09","slug":"living-in-peace-musik-fuer-herz-und-hoffnung-mit-shalom-passau","status":"publish","type":"post","link":"https:\/\/www.foerderkreis-schloss-buchenau.de\/?p=1331","title":{"rendered":"\u201eLiving in Peace\u201c \u2013 Musik f\u00fcr Herz und Hoffnung mit \u201eShalom-Passau\u201c\u00a0"},"content":{"rendered":"\n<p><\/p>\n\n\n\n<p>Die Passauer Pop\u2011Rock\u2011Formation Shalom ist am kommenden Samstag zu einem  Open\u2011Air\u2011Konzert bei uns zu Gast. Die Musiker pr\u00e4sentieren mit bewegenden Friedens- und Lebensliedern sowie intensiven\u00a0Musikst\u00fccken\u00a0\u00a044 Jahre Bandgeschichte. <\/p>\n\n\n\n<p>Der Abend unter dem Motto \u201eLiving in Peace\u201c verspricht Musik voller Optimismus, Lebensfreude und emotionaler Tiefe \u2013 eine musikalische Oase der Hoffnung in herausfordernden Zeiten. Shalom er\u00f6ffnet den Abend mit stimmungsvollen Liedern, die Frieden und Zuversicht symbolisieren \u2013 ein bewusstes musikalisches Statement im Sinne des Bandnamens. Im zweiten Teil\u00a0\u00a0pr\u00e4sentiert die Band \u201eLieder, die das Leben schreibt\u201c, mit tiefgr\u00fcndigen aber auch\u00a0\u00a0humorvollen Lebensgeschichten. Das musikalische Spektrum umfasst sanfte Balladen sowie mitrei\u00dfende Rock-, Blues- und Swingst\u00fccke \u2013 stets getragen von einer positiven und inspirierenden Botschaft.<\/p>\n\n\n\n<p>\u201eMit unseren Liedern und Texten m\u00f6chten wir in dieser herausfordernden Zeit ein St\u00fcck Hoffnung schenken, die Menschen positiv best\u00e4rken und ermutigen, damit unsere Zuh\u00f6rer beschwingt und mit frohem Herzen nach Hause gehen.\u201c, so Martin G\u00f6th, Bandleader von Shalom. <\/p>\n\n\n\n<p>Das Konzert findet am Samstag, den 9. August auf der Schlossterrasse statt und beginnt um 19 Uhr. Bei schlechtem Wetter gehen wir in den Saal.  . .Der Eintritt betr\u00e4gt 15.- \u20ac. <\/p>\n\n\n\n<p><\/p>\n\n\n\n<div data-wp-interactive=\"core\/file\" class=\"wp-block-file\"><object data-wp-bind--hidden=\"!state.hasPdfPreview\" hidden class=\"wp-block-file__embed\" data=\"https:\/\/www.foerderkreis-schloss-buchenau.de\/wp-content\/uploads\/2025\/08\/Full-House-20162.pdf\" type=\"application\/pdf\" style=\"width:100%;height:600px\" aria-label=\"Einbettung von ).\"><\/object><a id=\"wp-block-file--media-d525a92c-4cda-48df-827e-3189a79b1bd6\" href=\"https:\/\/www.foerderkreis-schloss-buchenau.de\/wp-content\/uploads\/2025\/08\/Full-House-20162.pdf\">)<\/a><a href=\"https:\/\/www.foerderkreis-schloss-buchenau.de\/wp-content\/uploads\/2025\/08\/Full-House-20162.pdf\" class=\"wp-block-file__button wp-element-button\" download aria-describedby=\"wp-block-file--media-d525a92c-4cda-48df-827e-3189a79b1bd6\">Herunterladen<\/a><\/div>\n\n\n\n<p><\/p>\n","protected":false},"excerpt":{"rendered":"<p>Die Passauer Pop\u2011Rock\u2011Formation Shalom ist am kommenden Samstag zu einem Open\u2011Air\u2011Konzert bei uns zu Gast. Die Musiker pr\u00e4sentieren mit bewegenden Friedens- und Lebensliedern sowie intensiven\u00a0Musikst\u00fccken\u00a0\u00a044 Jahre Bandgeschichte. Der Abend unter dem Motto \u201eLiving in Peace\u201c verspricht Musik voller Optimismus, Lebensfreude und emotionaler Tiefe \u2013 eine musikalische Oase der Hoffnung in herausfordernden Zeiten. Shalom er\u00f6ffnet den &hellip; <\/p>\n<p class=\"link-more\"><a href=\"https:\/\/www.foerderkreis-schloss-buchenau.de\/?p=1331\" class=\"more-link\"><span class=\"screen-reader-text\">\u201e\u201eLiving in Peace\u201c \u2013 Musik f\u00fcr Herz und Hoffnung mit \u201eShalom-Passau\u201c\u00a0\u201c <\/span>weiterlesen<\/a><\/p>\n","protected":false},"author":2,"featured_media":0,"comment_status":"closed","ping_status":"closed","sticky":false,"template":"","format":"standard","meta":{"footnotes":""},"categories":[1],"tags":[],"class_list":["post-1331","post","type-post","status-publish","format-standard","hentry","category-allgemein"],"_links":{"self":[{"href":"https:\/\/www.foerderkreis-schloss-buchenau.de\/index.php?rest_route=\/wp\/v2\/posts\/1331","targetHints":{"allow":["GET"]}}],"collection":[{"href":"https:\/\/www.foerderkreis-schloss-buchenau.de\/index.php?rest_route=\/wp\/v2\/posts"}],"about":[{"href":"https:\/\/www.foerderkreis-schloss-buchenau.de\/index.php?rest_route=\/wp\/v2\/types\/post"}],"author":[{"embeddable":true,"href":"https:\/\/www.foerderkreis-schloss-buchenau.de\/index.php?rest_route=\/wp\/v2\/users\/2"}],"replies":[{"embeddable":true,"href":"https:\/\/www.foerderkreis-schloss-buchenau.de\/index.php?rest_route=%2Fwp%2Fv2%2Fcomments&post=1331"}],"version-history":[{"count":1,"href":"https:\/\/www.foerderkreis-schloss-buchenau.de\/index.php?rest_route=\/wp\/v2\/posts\/1331\/revisions"}],"predecessor-version":[{"id":1333,"href":"https:\/\/www.foerderkreis-schloss-buchenau.de\/index.php?rest_route=\/wp\/v2\/posts\/1331\/revisions\/1333"}],"wp:attachment":[{"href":"https:\/\/www.foerderkreis-schloss-buchenau.de\/index.php?rest_route=%2Fwp%2Fv2%2Fmedia&parent=1331"}],"wp:term":[{"taxonomy":"category","embeddable":true,"href":"https:\/\/www.foerderkreis-schloss-buchenau.de\/index.php?rest_route=%2Fwp%2Fv2%2Fcategories&post=1331"},{"taxonomy":"post_tag","embeddable":true,"href":"https:\/\/www.foerderkreis-schloss-buchenau.de\/index.php?rest_route=%2Fwp%2Fv2%2Ftags&post=1331"}],"curies":[{"name":"wp","href":"https:\/\/api.w.org\/{rel}","templated":true}]}}