{"id":1335,"date":"2025-08-17T21:44:31","date_gmt":"2025-08-17T19:44:31","guid":{"rendered":"https:\/\/www.foerderkreis-schloss-buchenau.de\/?p=1335"},"modified":"2025-08-17T21:44:31","modified_gmt":"2025-08-17T19:44:31","slug":"folkrock-im-schlossgarten-open-air-konzert-mit-missing-o-love","status":"publish","type":"post","link":"https:\/\/www.foerderkreis-schloss-buchenau.de\/?p=1335","title":{"rendered":"Folkrock im Schlossgarten: Open-Air-Konzert mit Missing-O-Love."},"content":{"rendered":"\n<p><\/p>\n\n\n\n<p>Folkrock im Schlossgarten: akustische Gitarren, melodischer, mehrstimmiger Gesang und eine rhythmische Basis aus Schlagzeug und Bass. Missing-O-Love tritt nicht zum ersten Mal bei uns auf und ihre Konzerte brachten immer atmosph\u00e4risch dichte, intensive Abende in den Schlossgarten, der wie ein zus\u00e4tzlicher Akteur das Seine zu einer einzigartigen Atmosph\u00e4re beitr\u00e4gt. Es gab viele G\u00e4nshautmomente und sp\u00e4testens die traditionell letzte Zugabe, \u201eThe Auld Triangle\u201c, a capella gesungen, erw\u00e4rmte auch noch das n\u00fcchternste Herz. Also freuen wir uns auf einen weiteren Abend, der in Erinnerung bleiben wird. \u00a0 \u00a0 \u00a0 \u00a0 \u00a0 \u00a0 \u00a0 \u00a0 \u00a0 Etwa so hatte ich das Open-Air-Konzert von Missing-O-Love im letztem August angek\u00fcndigt. Es war kein bisschen \u00fcbertrieben gewesen und es wird auch heuer wieder ein gro\u00dfer Abend werden.\u00a0<\/p>\n\n\n\n<p>Im Folgenden noch ein paar Informationen zur Band: \u00a0 \u00a0 \u00a0 \u00a0 \u00a0 \u00a0 \u00a0 \u00a0 \u00a0 \u00a0 \u00a0 \u00a0 \u00a0 \u00a0 \u00a0 \u00a0 \u00a0 \u00a0 \u00a0 \u00a0 \u00a0 \u00a0 \u00a0 \u00a0 \u00a0 \u00a0 \u00a0 \u00a0 \u00a0 \u00a0 \u00a0 \u00a0 \u00a0 \u00a0 \u00a0 \u00a0 \u00a0 \u00a0 \u00a0 \u00a0 \u00a0 \u00a0  Missing-O-Love wurde 2005 gegr\u00fcndet. Wie der Bandname erahnen l\u00e4sst, liegt der Schwerpunkt ihrer Musik auf Songs aus der \u201eLove and Peace \u00c4ra\u201c, also aus der Zeit, als die Hippiebewegung sich aufmachte, die Musikwelt zu erobern. Zu ihrem Repertoire geh\u00f6ren Songs von Crosby, Stills &amp; Nash, Bob Dylan, den Byrds, Neil Young oder den Beatles, um nur einige Namen aus dieser Musikrichtung zu nennen.\u00a0Wichtig war den Bandmitgliedern von Anfang an ein harmonisch ausgefeilter, dreistimmiger Gesang. Die S\u00e4nger und Gitarristen sind Christian Schmidt, Ottmar Kraus und Klaus Gundermann, der die Songs auch arrangiert. F\u00fcr den richtigen Drive sorgen Franz W\u00f6lfl am Bass und Schlagzeuger Georg Kroi\u00df.<\/p>\n\n\n\n<p>Das Open-Air-Konzert findet am 23. August statt und beginnt um 19:00 Uhr, der Eintritt betr\u00e4gt 15 \u20ac.<\/p>\n\n\n\n<p><\/p>\n\n\n\n<figure class=\"wp-block-image size-large\"><img loading=\"lazy\" decoding=\"async\" width=\"1024\" height=\"636\" src=\"https:\/\/www.foerderkreis-schloss-buchenau.de\/wp-content\/uploads\/2025\/08\/cf453cf4-ab7d-420f-81db-0f67c864466e-1024x636.jpeg\" alt=\"\" class=\"wp-image-1336\" srcset=\"https:\/\/www.foerderkreis-schloss-buchenau.de\/wp-content\/uploads\/2025\/08\/cf453cf4-ab7d-420f-81db-0f67c864466e-1024x636.jpeg 1024w, https:\/\/www.foerderkreis-schloss-buchenau.de\/wp-content\/uploads\/2025\/08\/cf453cf4-ab7d-420f-81db-0f67c864466e-300x186.jpeg 300w, https:\/\/www.foerderkreis-schloss-buchenau.de\/wp-content\/uploads\/2025\/08\/cf453cf4-ab7d-420f-81db-0f67c864466e-768x477.jpeg 768w, https:\/\/www.foerderkreis-schloss-buchenau.de\/wp-content\/uploads\/2025\/08\/cf453cf4-ab7d-420f-81db-0f67c864466e-1536x953.jpeg 1536w, https:\/\/www.foerderkreis-schloss-buchenau.de\/wp-content\/uploads\/2025\/08\/cf453cf4-ab7d-420f-81db-0f67c864466e.jpeg 1600w\" sizes=\"auto, (max-width: 706px) 89vw, (max-width: 767px) 82vw, 740px\" \/><\/figure>\n","protected":false},"excerpt":{"rendered":"<p>Folkrock im Schlossgarten: akustische Gitarren, melodischer, mehrstimmiger Gesang und eine rhythmische Basis aus Schlagzeug und Bass. Missing-O-Love tritt nicht zum ersten Mal bei uns auf und ihre Konzerte brachten immer atmosph\u00e4risch dichte, intensive Abende in den Schlossgarten, der wie ein zus\u00e4tzlicher Akteur das Seine zu einer einzigartigen Atmosph\u00e4re beitr\u00e4gt. Es gab viele G\u00e4nshautmomente und sp\u00e4testens &hellip; <\/p>\n<p class=\"link-more\"><a href=\"https:\/\/www.foerderkreis-schloss-buchenau.de\/?p=1335\" class=\"more-link\"><span class=\"screen-reader-text\">\u201eFolkrock im Schlossgarten: Open-Air-Konzert mit Missing-O-Love.\u201c <\/span>weiterlesen<\/a><\/p>\n","protected":false},"author":2,"featured_media":0,"comment_status":"closed","ping_status":"closed","sticky":false,"template":"","format":"standard","meta":{"footnotes":""},"categories":[1],"tags":[],"class_list":["post-1335","post","type-post","status-publish","format-standard","hentry","category-allgemein"],"_links":{"self":[{"href":"https:\/\/www.foerderkreis-schloss-buchenau.de\/index.php?rest_route=\/wp\/v2\/posts\/1335","targetHints":{"allow":["GET"]}}],"collection":[{"href":"https:\/\/www.foerderkreis-schloss-buchenau.de\/index.php?rest_route=\/wp\/v2\/posts"}],"about":[{"href":"https:\/\/www.foerderkreis-schloss-buchenau.de\/index.php?rest_route=\/wp\/v2\/types\/post"}],"author":[{"embeddable":true,"href":"https:\/\/www.foerderkreis-schloss-buchenau.de\/index.php?rest_route=\/wp\/v2\/users\/2"}],"replies":[{"embeddable":true,"href":"https:\/\/www.foerderkreis-schloss-buchenau.de\/index.php?rest_route=%2Fwp%2Fv2%2Fcomments&post=1335"}],"version-history":[{"count":1,"href":"https:\/\/www.foerderkreis-schloss-buchenau.de\/index.php?rest_route=\/wp\/v2\/posts\/1335\/revisions"}],"predecessor-version":[{"id":1337,"href":"https:\/\/www.foerderkreis-schloss-buchenau.de\/index.php?rest_route=\/wp\/v2\/posts\/1335\/revisions\/1337"}],"wp:attachment":[{"href":"https:\/\/www.foerderkreis-schloss-buchenau.de\/index.php?rest_route=%2Fwp%2Fv2%2Fmedia&parent=1335"}],"wp:term":[{"taxonomy":"category","embeddable":true,"href":"https:\/\/www.foerderkreis-schloss-buchenau.de\/index.php?rest_route=%2Fwp%2Fv2%2Fcategories&post=1335"},{"taxonomy":"post_tag","embeddable":true,"href":"https:\/\/www.foerderkreis-schloss-buchenau.de\/index.php?rest_route=%2Fwp%2Fv2%2Ftags&post=1335"}],"curies":[{"name":"wp","href":"https:\/\/api.w.org\/{rel}","templated":true}]}}