{"id":1447,"date":"2026-03-16T21:34:43","date_gmt":"2026-03-16T20:34:43","guid":{"rendered":"https:\/\/www.foerderkreis-schloss-buchenau.de\/?p=1447"},"modified":"2026-03-16T21:34:43","modified_gmt":"2026-03-16T20:34:43","slug":"mdl-martin-behringer-unterstuetzt-uns-125-000-e-foerderung-aus-der-fraktionsinitiative-der-fw","status":"publish","type":"post","link":"https:\/\/www.foerderkreis-schloss-buchenau.de\/?p=1447","title":{"rendered":"MDL Martin Behringer unterst\u00fctzt uns: 125 000 \u20ac F\u00f6rderung aus der Fraktionsinitiative der FW."},"content":{"rendered":"\n<p>Wir haben letzte Woche die Nachricht erhalten, dass wir auf Vermittlung von MdL Martin Behringer eine F\u00f6rderung von 125 000 \u20ac &#8211; abz\u00fcglich 10% wegen der bestehenden Haushaltssperre &#8211; aus der Fraktionsreserve der FW-Fraktion erhalten.<\/p>\n\n\n\n<p>Das Geld  wird f\u00fcr eine historische  Aufarbeitung  verwendet. Diese wissenschaftlich fundierte Untersuchung der \u00fcberregionalen Bedeutung der Schlossgeschichte \u2013 insbesondere der Pers\u00f6nlichkeiten Benedikt II von Poschinger und Erna Horn &#8211; ist einerseits ein erster, zentraler Schritt bei der Erarbeitung eines umfassenden F\u00f6rder- und Finanzierungskonzepts, bildet andererseits aber auch die Grundlage der musealen Gestaltung des Schlosses im Rahmen der Renovierung.<\/p>\n\n\n\n<p>Bei Martin Behringer bedanken wir uns ganz herzlich f\u00fcr sein Engagement und diese gro\u00dfz\u00fcgige Unterst\u00fctzung.<\/p>\n\n\n\n<p><\/p>\n","protected":false},"excerpt":{"rendered":"<p>Wir haben letzte Woche die Nachricht erhalten, dass wir auf Vermittlung von MdL Martin Behringer eine F\u00f6rderung von 125 000 \u20ac &#8211; abz\u00fcglich 10% wegen der bestehenden Haushaltssperre &#8211; aus der Fraktionsreserve der FW-Fraktion erhalten. Das Geld wird f\u00fcr eine historische Aufarbeitung verwendet. Diese wissenschaftlich fundierte Untersuchung der \u00fcberregionalen Bedeutung der Schlossgeschichte \u2013 insbesondere der &hellip; <\/p>\n<p class=\"link-more\"><a href=\"https:\/\/www.foerderkreis-schloss-buchenau.de\/?p=1447\" class=\"more-link\"><span class=\"screen-reader-text\">\u201eMDL Martin Behringer unterst\u00fctzt uns: 125 000 \u20ac F\u00f6rderung aus der Fraktionsinitiative der FW.\u201c <\/span>weiterlesen<\/a><\/p>\n","protected":false},"author":2,"featured_media":0,"comment_status":"closed","ping_status":"closed","sticky":false,"template":"","format":"standard","meta":{"footnotes":""},"categories":[15],"tags":[],"class_list":["post-1447","post","type-post","status-publish","format-standard","hentry","category-renovierung"],"_links":{"self":[{"href":"https:\/\/www.foerderkreis-schloss-buchenau.de\/index.php?rest_route=\/wp\/v2\/posts\/1447","targetHints":{"allow":["GET"]}}],"collection":[{"href":"https:\/\/www.foerderkreis-schloss-buchenau.de\/index.php?rest_route=\/wp\/v2\/posts"}],"about":[{"href":"https:\/\/www.foerderkreis-schloss-buchenau.de\/index.php?rest_route=\/wp\/v2\/types\/post"}],"author":[{"embeddable":true,"href":"https:\/\/www.foerderkreis-schloss-buchenau.de\/index.php?rest_route=\/wp\/v2\/users\/2"}],"replies":[{"embeddable":true,"href":"https:\/\/www.foerderkreis-schloss-buchenau.de\/index.php?rest_route=%2Fwp%2Fv2%2Fcomments&post=1447"}],"version-history":[{"count":1,"href":"https:\/\/www.foerderkreis-schloss-buchenau.de\/index.php?rest_route=\/wp\/v2\/posts\/1447\/revisions"}],"predecessor-version":[{"id":1448,"href":"https:\/\/www.foerderkreis-schloss-buchenau.de\/index.php?rest_route=\/wp\/v2\/posts\/1447\/revisions\/1448"}],"wp:attachment":[{"href":"https:\/\/www.foerderkreis-schloss-buchenau.de\/index.php?rest_route=%2Fwp%2Fv2%2Fmedia&parent=1447"}],"wp:term":[{"taxonomy":"category","embeddable":true,"href":"https:\/\/www.foerderkreis-schloss-buchenau.de\/index.php?rest_route=%2Fwp%2Fv2%2Fcategories&post=1447"},{"taxonomy":"post_tag","embeddable":true,"href":"https:\/\/www.foerderkreis-schloss-buchenau.de\/index.php?rest_route=%2Fwp%2Fv2%2Ftags&post=1447"}],"curies":[{"name":"wp","href":"https:\/\/api.w.org\/{rel}","templated":true}]}}