{"id":1449,"date":"2026-03-16T22:37:13","date_gmt":"2026-03-16T21:37:13","guid":{"rendered":"https:\/\/www.foerderkreis-schloss-buchenau.de\/?p=1449"},"modified":"2026-03-16T22:37:13","modified_gmt":"2026-03-16T21:37:13","slug":"salonmusik-mit-cafe-ole","status":"publish","type":"post","link":"https:\/\/www.foerderkreis-schloss-buchenau.de\/?p=1449","title":{"rendered":"Salonmusik mit Caf\u00e9 Ol\u00e9"},"content":{"rendered":"\n<p>\u201eAll inklusive &#8211; Einmal um die ganze Welt&#8220;.  Eine musikalische Weltreise mit 3 Violinen, Akkordeon und Kontrabass. Ob Tango, Walzer, Schlager oder Swing &#8211; die Musiker von Caf\u00e9 Ol\u00e9 sorgen f\u00fcr ein abwechslungsreiches Programm voller Klangfarben.<\/p>\n\n\n\n<p>Humorvolle Moderationen verbinden die einzelnen Stationen und machen den Nachmittag zu einem unterhaltsamen, kurzweiligen Erlebnis &#8211; musikalisch vielseitig und ganz im Sinne des vor einem Jahr leider ganz unerwartet verstorbenen Gr\u00fcnders der Musikgruppe, Karl Handlos.<\/p>\n\n\n\n<p><\/p>\n\n\n\n<p>Ersetzt wird Karl Handlos durch Simone Wagner, die nach l\u00e4ngerer Pause wieder zu Caf\u00e9 Ol\u00e9 zur\u00fcckkehrt und zusammen mit Bettina Scholz, Christine Gmeinwieser, Margarita Wolf und Raphael Dives die Tradition dieser wunderbaren Salonmusik fortf\u00fchrt.<\/p>\n\n\n\n<p>Das Konzert findet am Sonntag, den 22. M\u00e4rz um 17:00 Uhr statt. der Eintritt betr\u00e4gt 15 \u20ac.<\/p>\n","protected":false},"excerpt":{"rendered":"<p>\u201eAll inklusive &#8211; Einmal um die ganze Welt&#8220;. Eine musikalische Weltreise mit 3 Violinen, Akkordeon und Kontrabass. Ob Tango, Walzer, Schlager oder Swing &#8211; die Musiker von Caf\u00e9 Ol\u00e9 sorgen f\u00fcr ein abwechslungsreiches Programm voller Klangfarben. Humorvolle Moderationen verbinden die einzelnen Stationen und machen den Nachmittag zu einem unterhaltsamen, kurzweiligen Erlebnis &#8211; musikalisch vielseitig und &hellip; <\/p>\n<p class=\"link-more\"><a href=\"https:\/\/www.foerderkreis-schloss-buchenau.de\/?p=1449\" class=\"more-link\"><span class=\"screen-reader-text\">\u201eSalonmusik mit Caf\u00e9 Ol\u00e9\u201c <\/span>weiterlesen<\/a><\/p>\n","protected":false},"author":2,"featured_media":0,"comment_status":"closed","ping_status":"closed","sticky":false,"template":"","format":"standard","meta":{"footnotes":""},"categories":[1],"tags":[],"class_list":["post-1449","post","type-post","status-publish","format-standard","hentry","category-allgemein"],"_links":{"self":[{"href":"https:\/\/www.foerderkreis-schloss-buchenau.de\/index.php?rest_route=\/wp\/v2\/posts\/1449","targetHints":{"allow":["GET"]}}],"collection":[{"href":"https:\/\/www.foerderkreis-schloss-buchenau.de\/index.php?rest_route=\/wp\/v2\/posts"}],"about":[{"href":"https:\/\/www.foerderkreis-schloss-buchenau.de\/index.php?rest_route=\/wp\/v2\/types\/post"}],"author":[{"embeddable":true,"href":"https:\/\/www.foerderkreis-schloss-buchenau.de\/index.php?rest_route=\/wp\/v2\/users\/2"}],"replies":[{"embeddable":true,"href":"https:\/\/www.foerderkreis-schloss-buchenau.de\/index.php?rest_route=%2Fwp%2Fv2%2Fcomments&post=1449"}],"version-history":[{"count":2,"href":"https:\/\/www.foerderkreis-schloss-buchenau.de\/index.php?rest_route=\/wp\/v2\/posts\/1449\/revisions"}],"predecessor-version":[{"id":1451,"href":"https:\/\/www.foerderkreis-schloss-buchenau.de\/index.php?rest_route=\/wp\/v2\/posts\/1449\/revisions\/1451"}],"wp:attachment":[{"href":"https:\/\/www.foerderkreis-schloss-buchenau.de\/index.php?rest_route=%2Fwp%2Fv2%2Fmedia&parent=1449"}],"wp:term":[{"taxonomy":"category","embeddable":true,"href":"https:\/\/www.foerderkreis-schloss-buchenau.de\/index.php?rest_route=%2Fwp%2Fv2%2Fcategories&post=1449"},{"taxonomy":"post_tag","embeddable":true,"href":"https:\/\/www.foerderkreis-schloss-buchenau.de\/index.php?rest_route=%2Fwp%2Fv2%2Ftags&post=1449"}],"curies":[{"name":"wp","href":"https:\/\/api.w.org\/{rel}","templated":true}]}}