{"id":1505,"date":"2026-04-26T21:38:09","date_gmt":"2026-04-26T19:38:09","guid":{"rendered":"https:\/\/www.foerderkreis-schloss-buchenau.de\/?p=1505"},"modified":"2026-04-26T21:38:09","modified_gmt":"2026-04-26T19:38:09","slug":"start-in-den-mai-ein-spannendes-wochenende-im-schloss-steht-bevor","status":"publish","type":"post","link":"https:\/\/www.foerderkreis-schloss-buchenau.de\/?p=1505","title":{"rendered":"Start in den Mai. Ein spannendes Wochenende im Schloss steht bevor."},"content":{"rendered":"\n<p><\/p>\n\n\n\n<p>Wir starten mit einem spannenden Wochenende in den Mai. Am Samstag, den 2. Mai und am Sonntag, den 3. Mai \u00f6ffnet unser beliebtes Kult(ur)caf\u00e9 wieder seine Pforten. Selbstgemachte Kuchen und Torten sowie Kaffee aus der R\u00f6sterei Kirmse stehen weiterhin im Mittelpunkt des Angebotes, aber es gibt auch Eiscaf\u00e9, Eisbecher und viele weitere kalte und warme, alkoholische und nicht-alkoholische Getr\u00e4nke.\u00a0\u00a0\u00a0\u00a0\u00a0\u00a0\u00a0                                Die Freude des Caf\u00e9-Teams an der Bewirtung unserer G\u00e4ste wird auch in diesem Jahr wieder eine wohltuende Atmosph\u00e4re an diesem wundersch\u00f6nen Platz unter dem Walnussbaum erschaffen.<\/p>\n\n\n\n<p>Am Samstag werden wir ab 14 Uhr auch frisch geernteten B\u00e4rlauch zu fairen Preisen verkaufen. Falls bis dahin schon weitere B\u00e4rlauch-Produkte fertiggestellt sind, k\u00f6nnen auch diese erworben werden.<\/p>\n\n\n\n<p>Ebenfalls am Samstag werden um 14:00 und um 15:30 bieten wir Schlossf\u00fchrungen.             Ab Mai finden diese F\u00fchrungen regelm\u00e4\u00dfig an Samstagen statt, an denen das Kult(ur)caf\u00e9 ge\u00f6ffnet hat. Da die Teilnehmerzahl pro F\u00fchrung auf 12 Personen beschr\u00e4nkt ist, empfiehlt sich eine Anmeldung unter\u00a0<a href=\"mailto:fkschlossbuchenau@gmail.com\">fkschlossbuchenau@gmail.com<\/a>.<\/p>\n\n\n\n<p>Am Sonntag l\u00e4dt Norbert Schreiber um 10:30 wieder zu einer Literaturmatinee ein. Diese Veranstaltung wird noch ausf\u00fchrlicher angek\u00fcndigt.<\/p>\n","protected":false},"excerpt":{"rendered":"<p>Wir starten mit einem spannenden Wochenende in den Mai. Am Samstag, den 2. Mai und am Sonntag, den 3. Mai \u00f6ffnet unser beliebtes Kult(ur)caf\u00e9 wieder seine Pforten. Selbstgemachte Kuchen und Torten sowie Kaffee aus der R\u00f6sterei Kirmse stehen weiterhin im Mittelpunkt des Angebotes, aber es gibt auch Eiscaf\u00e9, Eisbecher und viele weitere kalte und warme, &hellip; <\/p>\n<p class=\"link-more\"><a href=\"https:\/\/www.foerderkreis-schloss-buchenau.de\/?p=1505\" class=\"more-link\"><span class=\"screen-reader-text\">\u201eStart in den Mai. Ein spannendes Wochenende im Schloss steht bevor.\u201c <\/span>weiterlesen<\/a><\/p>\n","protected":false},"author":2,"featured_media":0,"comment_status":"closed","ping_status":"closed","sticky":false,"template":"","format":"standard","meta":{"footnotes":""},"categories":[1],"tags":[],"class_list":["post-1505","post","type-post","status-publish","format-standard","hentry","category-allgemein"],"_links":{"self":[{"href":"https:\/\/www.foerderkreis-schloss-buchenau.de\/index.php?rest_route=\/wp\/v2\/posts\/1505","targetHints":{"allow":["GET"]}}],"collection":[{"href":"https:\/\/www.foerderkreis-schloss-buchenau.de\/index.php?rest_route=\/wp\/v2\/posts"}],"about":[{"href":"https:\/\/www.foerderkreis-schloss-buchenau.de\/index.php?rest_route=\/wp\/v2\/types\/post"}],"author":[{"embeddable":true,"href":"https:\/\/www.foerderkreis-schloss-buchenau.de\/index.php?rest_route=\/wp\/v2\/users\/2"}],"replies":[{"embeddable":true,"href":"https:\/\/www.foerderkreis-schloss-buchenau.de\/index.php?rest_route=%2Fwp%2Fv2%2Fcomments&post=1505"}],"version-history":[{"count":1,"href":"https:\/\/www.foerderkreis-schloss-buchenau.de\/index.php?rest_route=\/wp\/v2\/posts\/1505\/revisions"}],"predecessor-version":[{"id":1506,"href":"https:\/\/www.foerderkreis-schloss-buchenau.de\/index.php?rest_route=\/wp\/v2\/posts\/1505\/revisions\/1506"}],"wp:attachment":[{"href":"https:\/\/www.foerderkreis-schloss-buchenau.de\/index.php?rest_route=%2Fwp%2Fv2%2Fmedia&parent=1505"}],"wp:term":[{"taxonomy":"category","embeddable":true,"href":"https:\/\/www.foerderkreis-schloss-buchenau.de\/index.php?rest_route=%2Fwp%2Fv2%2Fcategories&post=1505"},{"taxonomy":"post_tag","embeddable":true,"href":"https:\/\/www.foerderkreis-schloss-buchenau.de\/index.php?rest_route=%2Fwp%2Fv2%2Ftags&post=1505"}],"curies":[{"name":"wp","href":"https:\/\/api.w.org\/{rel}","templated":true}]}}