{"id":1511,"date":"2026-04-29T16:54:09","date_gmt":"2026-04-29T14:54:09","guid":{"rendered":"https:\/\/www.foerderkreis-schloss-buchenau.de\/?p=1511"},"modified":"2026-04-29T17:06:22","modified_gmt":"2026-04-29T15:06:22","slug":"2-literaturmatinee-2026-mit-norbert-schreiber-die-macht-der-maechtigen-und-die-macht-der-machtlosen","status":"publish","type":"post","link":"https:\/\/www.foerderkreis-schloss-buchenau.de\/?p=1511","title":{"rendered":"2. Literaturmatinee 2026 mit Norbert Schreiber: Die Macht der M\u00e4chtigen \u2013 und die Macht der Machtlosen."},"content":{"rendered":"\n<p>Am Sonntag, den 3. Mai findet die zweite von vier Literaturmatineen des Jahres 2026 statt. Wir freuen uns sehr, dass das Thema Literatur in unserer Region ganz unerwartet gro\u00dfen Zuspruch findet und es ist nat\u00fcrlich ein Riesengl\u00fcck f\u00fcr uns, dass sich mit Norbert Schreiber einen ausgewiesenen Kenner sowohl der Literatur als auch der Literaturszene in unserem Kulturteam engagiert und eine eigenst\u00e4ndige Literatur-Abteilung betreut.<\/p>\n\n\n\n<p>Der in Spiegelh\u00fctte ans\u00e4ssige Journalist und Buchautor, fr\u00fcher Politik- und Kulturredakteur beim Hessischen Rundfunk, besch\u00e4ftigt sich seit Jahren mit den Literaturen Osteuropas. Bei der Verleihung des Buchpreises f\u00fcr europ\u00e4ische Verst\u00e4ndigung auf der Leipziger Buchmesse konnte Norbert Schreiber den tschechischen Schriftsteller, Dichter, Dramatiker und Diplomaten Ji\u0159\u00ed Gru\u0161a treffen und interviewen.<\/p>\n\n\n\n<p>Den Dramatiker und Pr\u00e4sidenten Tschechiens stellt er in Filmen, Audios und mit einer Lesung aus seiner Biographie vor.&nbsp;<\/p>\n\n\n\n<p>Mit dem Roman &#8222;Die unertr\u00e4gliche Leichtigkeit des Seins&#8220; errang Milan Kundera Weltruhm. Er wird in Filmausschnitten und Interviews und unter anderem mit einer Lesung aus seinem Roman &#8222;Der Scherz&#8220; zu Wort kommen.<br><br>Das Motto der Matinee: Die Macht der M\u00e4chtigen \u2013 und die Macht der Machtlosen<\/p>\n\n\n\n<p><br>Dissident: \u00a0Vaclav Havel<br>Opponent: Ji\u0159\u00ed Gru\u0161a\u00a0\u00a0<br>Exilant: Milan Kundera<\/p>\n\n\n\n<p><br>Drei (AUS) Wege in der tschechischen Literatur<\/p>\n\n\n\n<p>Eine multimediale Matine\u00e9 mit Filmausschnitten, Audios und Lesung im Schloss Buchenau\/Lindberg<\/p>\n\n\n\n<p>Sonntag 3. Mai &#8211; 10.30. Der Eintritt ist frei, Spenden zugunsten der Schlossrenovierung w\u00fcrden uns freuen. <\/p>\n","protected":false},"excerpt":{"rendered":"<p>Am Sonntag, den 3. Mai findet die zweite von vier Literaturmatineen des Jahres 2026 statt. Wir freuen uns sehr, dass das Thema Literatur in unserer Region ganz unerwartet gro\u00dfen Zuspruch findet und es ist nat\u00fcrlich ein Riesengl\u00fcck f\u00fcr uns, dass sich mit Norbert Schreiber einen ausgewiesenen Kenner sowohl der Literatur als auch der Literaturszene in &hellip; <\/p>\n<p class=\"link-more\"><a href=\"https:\/\/www.foerderkreis-schloss-buchenau.de\/?p=1511\" class=\"more-link\"><span class=\"screen-reader-text\">\u201e2. Literaturmatinee 2026 mit Norbert Schreiber: Die Macht der M\u00e4chtigen \u2013 und die Macht der Machtlosen.\u201c <\/span>weiterlesen<\/a><\/p>\n","protected":false},"author":2,"featured_media":0,"comment_status":"closed","ping_status":"closed","sticky":false,"template":"","format":"standard","meta":{"footnotes":""},"categories":[1],"tags":[],"class_list":["post-1511","post","type-post","status-publish","format-standard","hentry","category-allgemein"],"_links":{"self":[{"href":"https:\/\/www.foerderkreis-schloss-buchenau.de\/index.php?rest_route=\/wp\/v2\/posts\/1511","targetHints":{"allow":["GET"]}}],"collection":[{"href":"https:\/\/www.foerderkreis-schloss-buchenau.de\/index.php?rest_route=\/wp\/v2\/posts"}],"about":[{"href":"https:\/\/www.foerderkreis-schloss-buchenau.de\/index.php?rest_route=\/wp\/v2\/types\/post"}],"author":[{"embeddable":true,"href":"https:\/\/www.foerderkreis-schloss-buchenau.de\/index.php?rest_route=\/wp\/v2\/users\/2"}],"replies":[{"embeddable":true,"href":"https:\/\/www.foerderkreis-schloss-buchenau.de\/index.php?rest_route=%2Fwp%2Fv2%2Fcomments&post=1511"}],"version-history":[{"count":3,"href":"https:\/\/www.foerderkreis-schloss-buchenau.de\/index.php?rest_route=\/wp\/v2\/posts\/1511\/revisions"}],"predecessor-version":[{"id":1513,"href":"https:\/\/www.foerderkreis-schloss-buchenau.de\/index.php?rest_route=\/wp\/v2\/posts\/1511\/revisions\/1513"}],"wp:attachment":[{"href":"https:\/\/www.foerderkreis-schloss-buchenau.de\/index.php?rest_route=%2Fwp%2Fv2%2Fmedia&parent=1511"}],"wp:term":[{"taxonomy":"category","embeddable":true,"href":"https:\/\/www.foerderkreis-schloss-buchenau.de\/index.php?rest_route=%2Fwp%2Fv2%2Fcategories&post=1511"},{"taxonomy":"post_tag","embeddable":true,"href":"https:\/\/www.foerderkreis-schloss-buchenau.de\/index.php?rest_route=%2Fwp%2Fv2%2Ftags&post=1511"}],"curies":[{"name":"wp","href":"https:\/\/api.w.org\/{rel}","templated":true}]}}