{"id":1518,"date":"2026-05-01T22:47:51","date_gmt":"2026-05-01T20:47:51","guid":{"rendered":"https:\/\/www.foerderkreis-schloss-buchenau.de\/?p=1518"},"modified":"2026-05-01T22:47:51","modified_gmt":"2026-05-01T20:47:51","slug":"boogielicious-feat-hubert-hofherr-grosses-kino-gleich-zweimal-bei-uns","status":"publish","type":"post","link":"https:\/\/www.foerderkreis-schloss-buchenau.de\/?p=1518","title":{"rendered":"Boogielicious feat. Hubert Hofherr. Gro\u00dfes Kino gleich zweimal bei uns."},"content":{"rendered":"\n<p><\/p>\n\n\n\n<p> Konzerte mit Hubert Hofherr und Boogielicious. Sie treten an zwei aufeinanderfolgenden Tagen, Mittwoch 6. und Donnerstag 7. Mai bei uns auf. Wie renommiert dieses hochkar\u00e4tige Trio ist und welch gro\u00dfartige Musik Sie erwartet, k\u00f6nnen Sie dem Artikel im Anhang entnehmen. Nebenbei: Hubert Hofherr wird zugunsten der Schlossrenovierung auf seinen Teil der Gage verzichten. <\/p>\n\n\n\n<p>Beginn ist jeweils um 19:00 Uhr, der Eintritt betr\u00e4gt 20 \u20ac.<\/p>\n\n\n\n<p><\/p>\n\n\n\n<p><\/p>\n\n\n\n<div data-wp-interactive=\"core\/file\" class=\"wp-block-file\"><object data-wp-bind--hidden=\"!state.hasPdfPreview\" hidden class=\"wp-block-file__embed\" data=\"https:\/\/www.foerderkreis-schloss-buchenau.de\/wp-content\/uploads\/2026\/05\/Boogielicious-feat-Hubert-Hofherr.pdf\" type=\"application\/pdf\" style=\"width:100%;height:600px\" aria-label=\"Einbettung von Boogielicious feat Hubert Hofherr.\"><\/object><a id=\"wp-block-file--media-211cfcff-e9c9-4f71-9fbd-bb54dd4f9c2d\" href=\"https:\/\/www.foerderkreis-schloss-buchenau.de\/wp-content\/uploads\/2026\/05\/Boogielicious-feat-Hubert-Hofherr.pdf\">Boogielicious feat Hubert Hofherr<\/a><a href=\"https:\/\/www.foerderkreis-schloss-buchenau.de\/wp-content\/uploads\/2026\/05\/Boogielicious-feat-Hubert-Hofherr.pdf\" class=\"wp-block-file__button wp-element-button\" download aria-describedby=\"wp-block-file--media-211cfcff-e9c9-4f71-9fbd-bb54dd4f9c2d\">Herunterladen<\/a><\/div>\n\n\n\n\n\n<p><\/p>\n","protected":false},"excerpt":{"rendered":"<p>Konzerte mit Hubert Hofherr und Boogielicious. Sie treten an zwei aufeinanderfolgenden Tagen, Mittwoch 6. und Donnerstag 7. Mai bei uns auf. Wie renommiert dieses hochkar\u00e4tige Trio ist und welch gro\u00dfartige Musik Sie erwartet, k\u00f6nnen Sie dem Artikel im Anhang entnehmen. Nebenbei: Hubert Hofherr wird zugunsten der Schlossrenovierung auf seinen Teil der Gage verzichten. Beginn ist &hellip; <\/p>\n<p class=\"link-more\"><a href=\"https:\/\/www.foerderkreis-schloss-buchenau.de\/?p=1518\" class=\"more-link\"><span class=\"screen-reader-text\">\u201eBoogielicious feat. Hubert Hofherr. Gro\u00dfes Kino gleich zweimal bei uns.\u201c <\/span>weiterlesen<\/a><\/p>\n","protected":false},"author":2,"featured_media":0,"comment_status":"closed","ping_status":"closed","sticky":false,"template":"","format":"standard","meta":{"footnotes":""},"categories":[1],"tags":[],"class_list":["post-1518","post","type-post","status-publish","format-standard","hentry","category-allgemein"],"_links":{"self":[{"href":"https:\/\/www.foerderkreis-schloss-buchenau.de\/index.php?rest_route=\/wp\/v2\/posts\/1518","targetHints":{"allow":["GET"]}}],"collection":[{"href":"https:\/\/www.foerderkreis-schloss-buchenau.de\/index.php?rest_route=\/wp\/v2\/posts"}],"about":[{"href":"https:\/\/www.foerderkreis-schloss-buchenau.de\/index.php?rest_route=\/wp\/v2\/types\/post"}],"author":[{"embeddable":true,"href":"https:\/\/www.foerderkreis-schloss-buchenau.de\/index.php?rest_route=\/wp\/v2\/users\/2"}],"replies":[{"embeddable":true,"href":"https:\/\/www.foerderkreis-schloss-buchenau.de\/index.php?rest_route=%2Fwp%2Fv2%2Fcomments&post=1518"}],"version-history":[{"count":1,"href":"https:\/\/www.foerderkreis-schloss-buchenau.de\/index.php?rest_route=\/wp\/v2\/posts\/1518\/revisions"}],"predecessor-version":[{"id":1520,"href":"https:\/\/www.foerderkreis-schloss-buchenau.de\/index.php?rest_route=\/wp\/v2\/posts\/1518\/revisions\/1520"}],"wp:attachment":[{"href":"https:\/\/www.foerderkreis-schloss-buchenau.de\/index.php?rest_route=%2Fwp%2Fv2%2Fmedia&parent=1518"}],"wp:term":[{"taxonomy":"category","embeddable":true,"href":"https:\/\/www.foerderkreis-schloss-buchenau.de\/index.php?rest_route=%2Fwp%2Fv2%2Fcategories&post=1518"},{"taxonomy":"post_tag","embeddable":true,"href":"https:\/\/www.foerderkreis-schloss-buchenau.de\/index.php?rest_route=%2Fwp%2Fv2%2Ftags&post=1518"}],"curies":[{"name":"wp","href":"https:\/\/api.w.org\/{rel}","templated":true}]}}