{"id":1617,"date":"2026-09-01T23:01:56","date_gmt":"2026-09-01T21:01:56","guid":{"rendered":"https:\/\/www.foerderkreis-schloss-buchenau.de\/?p=1617"},"modified":"2026-09-01T23:04:14","modified_gmt":"2026-09-01T21:04:14","slug":"das-kulturcafe-hat-am-kommenden-wochenende-wieder-geoeffnet-2","status":"publish","type":"post","link":"https:\/\/www.foerderkreis-schloss-buchenau.de\/?p=1617","title":{"rendered":"Das Kulturcaf\u00e9 hat am kommenden Wochenende wieder ge\u00f6ffnet."},"content":{"rendered":"\n<p>Am Samstag, dem 5. und am Sonntag, dem 6. September \u00f6ffnet unser beliebtes Kult(ur)caf\u00e9 jeweils von 14 bis 17 Uhr wieder seine Pforten. Das Caf\u00e9-Team hat selbstgemachte Kuchen und Torten, Kaffee aus der R\u00f6sterei Kirmse, Eis, Eiskaffee, viele weitere kalte und warme, alkoholische und nicht-alkoholische Getr\u00e4nke sowie kleine Brotzeiten im Angebot.<\/p>\n\n\n\n<p>Eine Besonderheit stellt dieses Mal der Sonntag dar, weil der Caf\u00e9betrieb da in das gro\u00dfe Benefizkonzert eingebunden ist. <\/p>\n\n\n\n<p>Am Samstag, den 4. Juli finden um 14:00 und 15:30 Schlossf\u00fchrungen statt, am Sonntag dann etwa st\u00fcndlich Schloss- und Gartenf\u00fchrungen.<\/p>\n\n\n\n<p><\/p>\n","protected":false},"excerpt":{"rendered":"<p>Am Samstag, dem 5. und am Sonntag, dem 6. September \u00f6ffnet unser beliebtes Kult(ur)caf\u00e9 jeweils von 14 bis 17 Uhr wieder seine Pforten. Das Caf\u00e9-Team hat selbstgemachte Kuchen und Torten, Kaffee aus der R\u00f6sterei Kirmse, Eis, Eiskaffee, viele weitere kalte und warme, alkoholische und nicht-alkoholische Getr\u00e4nke sowie kleine Brotzeiten im Angebot. Eine Besonderheit stellt dieses &hellip; <\/p>\n<p class=\"link-more\"><a href=\"https:\/\/www.foerderkreis-schloss-buchenau.de\/?p=1617\" class=\"more-link\"><span class=\"screen-reader-text\">\u201eDas Kulturcaf\u00e9 hat am kommenden Wochenende wieder ge\u00f6ffnet.\u201c <\/span>weiterlesen<\/a><\/p>\n","protected":false},"author":2,"featured_media":0,"comment_status":"closed","ping_status":"closed","sticky":false,"template":"","format":"standard","meta":{"footnotes":""},"categories":[1],"tags":[],"class_list":["post-1617","post","type-post","status-publish","format-standard","hentry","category-allgemein"],"_links":{"self":[{"href":"https:\/\/www.foerderkreis-schloss-buchenau.de\/index.php?rest_route=\/wp\/v2\/posts\/1617","targetHints":{"allow":["GET"]}}],"collection":[{"href":"https:\/\/www.foerderkreis-schloss-buchenau.de\/index.php?rest_route=\/wp\/v2\/posts"}],"about":[{"href":"https:\/\/www.foerderkreis-schloss-buchenau.de\/index.php?rest_route=\/wp\/v2\/types\/post"}],"author":[{"embeddable":true,"href":"https:\/\/www.foerderkreis-schloss-buchenau.de\/index.php?rest_route=\/wp\/v2\/users\/2"}],"replies":[{"embeddable":true,"href":"https:\/\/www.foerderkreis-schloss-buchenau.de\/index.php?rest_route=%2Fwp%2Fv2%2Fcomments&post=1617"}],"version-history":[{"count":2,"href":"https:\/\/www.foerderkreis-schloss-buchenau.de\/index.php?rest_route=\/wp\/v2\/posts\/1617\/revisions"}],"predecessor-version":[{"id":1619,"href":"https:\/\/www.foerderkreis-schloss-buchenau.de\/index.php?rest_route=\/wp\/v2\/posts\/1617\/revisions\/1619"}],"wp:attachment":[{"href":"https:\/\/www.foerderkreis-schloss-buchenau.de\/index.php?rest_route=%2Fwp%2Fv2%2Fmedia&parent=1617"}],"wp:term":[{"taxonomy":"category","embeddable":true,"href":"https:\/\/www.foerderkreis-schloss-buchenau.de\/index.php?rest_route=%2Fwp%2Fv2%2Fcategories&post=1617"},{"taxonomy":"post_tag","embeddable":true,"href":"https:\/\/www.foerderkreis-schloss-buchenau.de\/index.php?rest_route=%2Fwp%2Fv2%2Ftags&post=1617"}],"curies":[{"name":"wp","href":"https:\/\/api.w.org\/{rel}","templated":true}]}}